{"id":30135,"date":"2019-04-22T11:00:43","date_gmt":"2019-04-22T15:00:43","guid":{"rendered":"http:\/\/www.corumbaonline.com.br\/news\/?p=30135"},"modified":"2019-04-22T11:35:57","modified_gmt":"2019-04-22T15:35:57","slug":"estado-inicia-cascalhamento-de-mais-uma-estrada-implantada-no-pantanal","status":"publish","type":"post","link":"https:\/\/www.corumbaonline.com.br\/news\/estado-inicia-cascalhamento-de-mais-uma-estrada-implantada-no-pantanal\/","title":{"rendered":"Estado inicia cascalhamento de mais uma estrada implantada no Pantanal"},"content":{"rendered":"<p>Ap\u00f3s superar os desafios naturais impostos pelas vazantes, mesmo em um per\u00edodo que prenuncia seca no Pantanal, o Governo do Estado retomou a obra de implanta\u00e7\u00e3o e cascalhamento do trecho de 40 km da MS-228, entre o trevo com a MS-184 (Curva do Leque) e a fazenda Alegria, em Corumb\u00e1. O investimento com recursos do Fundersul integra o programa estadual de interliga\u00e7\u00e3o da regi\u00e3o pantaneira por rodovias e pontes.<\/p>\n<p>Para garantir o transporte de 250 mil toneladas de res\u00edduos de min\u00e9rio de ferro para compactar os 40 km, de uma mina situada no distrito de Albuquerque, a Agesul (Ag\u00eancia Estadual de Gest\u00e3o de Empreendimentos) executou 18 desvios no entorno de pontes de madeira de vazantes para a passagem dos caminh\u00f5es com cargas de 20 toneladas de material. A obra foi necess\u00e1ria para preservar as pontes, que tem capacidade para 15 toneladas, e evitar acidentes.<\/p>\n<p>O servi\u00e7o na MS-228 ganhou ritmo forte com a entrada em opera\u00e7\u00e3o de uma balsa de maior dimens\u00e3o para a travessia do Rio Paraguai, no Porto da Manga. A balsa atual, que atende a todos os usu\u00e1rios da via, transporta apenas um caminh\u00e3o com 10 toneladas por vez, e a nova, suporta um volume cinco vezes maior. \u201cVamos acelerar o cascalhamento aproveitando o per\u00edodo de estiagem\u201d, informou Luiz Anache, chefe da resid\u00eancia da Agesul em Corumb\u00e1.<\/p>\n<div id=\"attachment_253019\" class=\"wp-caption alignnone\"><img loading=\"lazy\" decoding=\"async\" class=\"wp-image-253019 size-full\" src=\"http:\/\/www.ms.gov.br\/wp-content\/uploads\/sites\/150\/2019\/03\/Obras-de-cascalhamento-na-Curva-do-Leque-Foto-Edemir-Rodrigues-14.jpg\" sizes=\"auto, (max-width: 2000px) 100vw, 2000px\" srcset=\"http:\/\/www.ms.gov.br\/wp-content\/uploads\/sites\/150\/2019\/03\/Obras-de-cascalhamento-na-Curva-do-Leque-Foto-Edemir-Rodrigues-14.jpg 2000w, http:\/\/www.ms.gov.br\/wp-content\/uploads\/sites\/150\/2019\/03\/Obras-de-cascalhamento-na-Curva-do-Leque-Foto-Edemir-Rodrigues-14-300x166.jpg 300w, http:\/\/www.ms.gov.br\/wp-content\/uploads\/sites\/150\/2019\/03\/Obras-de-cascalhamento-na-Curva-do-Leque-Foto-Edemir-Rodrigues-14-768x425.jpg 768w, http:\/\/www.ms.gov.br\/wp-content\/uploads\/sites\/150\/2019\/03\/Obras-de-cascalhamento-na-Curva-do-Leque-Foto-Edemir-Rodrigues-14-1024x567.jpg 1024w\" alt=\"\" width=\"2000\" height=\"1107\" \/><\/p>\n<p class=\"wp-caption-text\"><em>Mais de 4 km de cascalho j\u00e1 foram implantados na MS-228. Min\u00e9rio \u00e9 transportado de mina distante 50 km da obra<\/em><\/p>\n<\/div>\n<p><strong>Interligando os pantanais<\/strong><\/p>\n<div id=\"attachment_253020\" class=\"wp-caption alignright\"><img loading=\"lazy\" decoding=\"async\" class=\"wp-image-253020 size-medium\" src=\"http:\/\/www.ms.gov.br\/wp-content\/uploads\/sites\/150\/2019\/03\/cascalhamento-da-MS-228_gerente-de-leil%C3%A3o-andr%C3%A9-nantes-foto-Edemir-Rodrigues-300x200.jpg\" sizes=\"auto, (max-width: 300px) 100vw, 300px\" srcset=\"http:\/\/www.ms.gov.br\/wp-content\/uploads\/sites\/150\/2019\/03\/cascalhamento-da-MS-228_gerente-de-leil\u00e3o-andr\u00e9-nantes-foto-Edemir-Rodrigues-300x200.jpg 300w, http:\/\/www.ms.gov.br\/wp-content\/uploads\/sites\/150\/2019\/03\/cascalhamento-da-MS-228_gerente-de-leil\u00e3o-andr\u00e9-nantes-foto-Edemir-Rodrigues-768x512.jpg 768w, http:\/\/www.ms.gov.br\/wp-content\/uploads\/sites\/150\/2019\/03\/cascalhamento-da-MS-228_gerente-de-leil\u00e3o-andr\u00e9-nantes-foto-Edemir-Rodrigues-1024x682.jpg 1024w, http:\/\/www.ms.gov.br\/wp-content\/uploads\/sites\/150\/2019\/03\/cascalhamento-da-MS-228_gerente-de-leil\u00e3o-andr\u00e9-nantes-foto-Edemir-Rodrigues-272x182.jpg 272w\" alt=\"\" width=\"300\" height=\"200\" \/><\/p>\n<p class=\"wp-caption-text\"><em>Andr\u00e9 Nantes: \u201cAntes a gente percorria 10 km em 2h em carro tra\u00e7ado\u201d<\/em><\/p>\n<\/div>\n<p>Al\u00e9m desse trecho da MS-228, o Governo do Estado concluiu a implanta\u00e7\u00e3o de 18,8 km da mesma rodovia, entre a Vazante do Castelo e a fazenda Imaculada (entroncamento com a MS-427), entre Aquidauana e Corumb\u00e1. Tamb\u00e9m foram implantados com aterro 34 km da MS-423, da Serra da Alegria (Rio Verde) a fazenda Morrinho (Corumb\u00e1). Outra frente de obra j\u00e1 executou 25% dos 65 km das MS-228 e MS-423, entre as fazendas Picapau e Concei\u00e7\u00e3o, em Corumb\u00e1.<\/p>\n<p>Os investimentos na Rota Pantaneira ultrapassam R$ 40 milh\u00f5es e est\u00e1 projetada tamb\u00e9m a implanta\u00e7\u00e3o da MS-214, interligando os pantanais do Paiagu\u00e1s e Nhecol\u00e2ndia, a partir de Coxim, at\u00e9 a ponte de concreto sobre o rio Taquari. Numa segunda etapa, ser\u00e1 implantada a estrada que liga a ponte \u00e0 Serra da Alegria, completando uma log\u00edstica que vai tirar o homem pantaneiro do isolamento, al\u00e9m de fomentar a pecu\u00e1ria e o ecoturismo.<\/p>\n<div id=\"attachment_253021\" class=\"wp-caption alignleft\"><img loading=\"lazy\" decoding=\"async\" class=\"wp-image-253021 size-medium\" src=\"http:\/\/www.ms.gov.br\/wp-content\/uploads\/sites\/150\/2019\/03\/Cascalhamento-da-mS-228_capataz-Humberto-Silva-Foto-Edemir-Rodrigues-36-300x200.jpg\" sizes=\"auto, (max-width: 300px) 100vw, 300px\" srcset=\"http:\/\/www.ms.gov.br\/wp-content\/uploads\/sites\/150\/2019\/03\/Cascalhamento-da-mS-228_capataz-Humberto-Silva-Foto-Edemir-Rodrigues-36-300x200.jpg 300w, http:\/\/www.ms.gov.br\/wp-content\/uploads\/sites\/150\/2019\/03\/Cascalhamento-da-mS-228_capataz-Humberto-Silva-Foto-Edemir-Rodrigues-36-768x512.jpg 768w, http:\/\/www.ms.gov.br\/wp-content\/uploads\/sites\/150\/2019\/03\/Cascalhamento-da-mS-228_capataz-Humberto-Silva-Foto-Edemir-Rodrigues-36-1024x682.jpg 1024w, http:\/\/www.ms.gov.br\/wp-content\/uploads\/sites\/150\/2019\/03\/Cascalhamento-da-mS-228_capataz-Humberto-Silva-Foto-Edemir-Rodrigues-36-272x182.jpg 272w\" alt=\"\" width=\"300\" height=\"200\" \/><\/p>\n<p class=\"wp-caption-text\"><em>Humberto: \u201cO governador est\u00e1 olhando para o nosso Pantanal\u201d<\/em><\/p>\n<\/div>\n<p>As dificuldades de tr\u00e1fego isolam secularmente a regi\u00e3o, pelas caracter\u00edsticas de solo (arenoso) e inunda\u00e7\u00f5es anuais, e a liga\u00e7\u00e3o rodovi\u00e1ria para permitir o escoamento da produ\u00e7\u00e3o de bois, abastecimento das fazendas e o incremento tamb\u00e9m ao turismo \u00e9 uma luta antiga dos fazendeiros. Para o presidente do Sindicato Rural de Corumb\u00e1, Luciano Leite, \u201cpela primeira vez um governador enxergou a import\u00e2ncia de uma estrada para o pantaneiro\u201d.<\/p>\n<p><strong>Fim do arei\u00e3o, novo ciclo<\/strong><\/p>\n<p>A abertura das estradas na regi\u00e3o pantaneira, com a implanta\u00e7\u00e3o de aterros, drenagem e cascalhamento, vai atrair novos investimentos para melhorar a gen\u00e9tica do rebanho, estimado em tr\u00eas milh\u00f5es de cabe\u00e7as, e acelerar a chegada dos troncos de energia el\u00e9trica, na avalia\u00e7\u00e3o do pecuarista e leiloeiro Carlos Guarit\u00e1. \u201cO Reinaldo (Azambuja) acreditou no potencial da nossa pecu\u00e1ria e no pantaneiro e ser\u00e1 sempre lembrado por esse feito\u201d, enfatizou ele.<\/p>\n<p>A chegada do cascalho ao trecho da Curva do Leque a fazenda Alegria foi festejada com entusiamo pelos produtores rurais. A obra eliminar\u00e1 os trechos de ac\u00famulo de areia e os alagados que impediam o acesso \u00e0s propriedades da regi\u00e3o da Nhecol\u00e2ndia, principalmente durante os quatro meses de cheia anual. Para o pecuarista, significa menor custo de transporte e de manuten\u00e7\u00e3o de ve\u00edculos e a garantia de comercializa\u00e7\u00e3o o ano todo.<\/p>\n<div id=\"attachment_253022\" class=\"wp-caption alignnone\"><img loading=\"lazy\" decoding=\"async\" class=\"wp-image-253022 size-full\" src=\"http:\/\/www.ms.gov.br\/wp-content\/uploads\/sites\/150\/2019\/03\/Min%C3%A9rio-sendo-transportado-de-balsa-pelo-Rio-Paraguai2-Foto-Edemir-Rodrigues.jpg\" sizes=\"auto, (max-width: 2000px) 100vw, 2000px\" srcset=\"http:\/\/www.ms.gov.br\/wp-content\/uploads\/sites\/150\/2019\/03\/Min\u00e9rio-sendo-transportado-de-balsa-pelo-Rio-Paraguai2-Foto-Edemir-Rodrigues.jpg 2000w, http:\/\/www.ms.gov.br\/wp-content\/uploads\/sites\/150\/2019\/03\/Min\u00e9rio-sendo-transportado-de-balsa-pelo-Rio-Paraguai2-Foto-Edemir-Rodrigues-300x225.jpg 300w, http:\/\/www.ms.gov.br\/wp-content\/uploads\/sites\/150\/2019\/03\/Min\u00e9rio-sendo-transportado-de-balsa-pelo-Rio-Paraguai2-Foto-Edemir-Rodrigues-768x576.jpg 768w, http:\/\/www.ms.gov.br\/wp-content\/uploads\/sites\/150\/2019\/03\/Min\u00e9rio-sendo-transportado-de-balsa-pelo-Rio-Paraguai2-Foto-Edemir-Rodrigues-1024x768.jpg 1024w\" alt=\"\" width=\"2000\" height=\"1500\" \/><\/p>\n<p class=\"wp-caption-text\">Porto da Manga: travessia dos caminh\u00f5es com min\u00e9rio \u00e9 feita por balsa, no Rio Paraguai<\/p>\n<\/div>\n<p>\u201c\u00c9 uma obra que beneficia a todos, inclusive ao Estado e Munic\u00edpios, pois vai aumentar o movimento de gado e gerar mais impostos\u201d, cita o dirigente ruralista Luciano Leite. Para o capataz de um retiro da fazenda Firme, Humberto Jos\u00e9 da Silva, 51, a obra que passa em frente \u00e0 porteira da propriedade ser\u00e1 a reden\u00e7\u00e3o da regi\u00e3o. \u201cVai agregar valor ao boi e gerar mais empregos\u201d, diz, acompanhando da porteira da centen\u00e1ria fazenda a evolu\u00e7\u00e3o do servi\u00e7o.<\/p>\n<p>O movimento de caminh\u00f5es transportando o min\u00e9rio e as m\u00e1quinas compactando o solo da MS-228 se funde com a passagem das boiadas pela estrada para os leil\u00f5es de bovinos realizados na regi\u00e3o. Coordenando as comitivas de at\u00e9 mil animais, o gerente de leil\u00e3o Andr\u00e9 Nantes parabenizou o governador Reinaldo Azambuja pelo investimento. \u201cEstamos vivendo um novo ciclo, o acesso \u00e9 tudo para o pantaneiro.\u201d<\/p>\n","protected":false},"excerpt":{"rendered":"<p>Ap\u00f3s superar os desafios naturais impostos pelas vazantes, mesmo em um per\u00edodo que prenuncia seca&#8230;<\/p>\n","protected":false},"author":1,"featured_media":30136,"comment_status":"closed","ping_status":"closed","sticky":false,"template":"","format":"standard","meta":{"footnotes":""},"categories":[8,17],"tags":[],"class_list":["post-30135","post","type-post","status-publish","format-standard","has-post-thumbnail","hentry","category-destaque","category-meio-ambiente"],"_links":{"self":[{"href":"https:\/\/www.corumbaonline.com.br\/news\/wp-json\/wp\/v2\/posts\/30135","targetHints":{"allow":["GET"]}}],"collection":[{"href":"https:\/\/www.corumbaonline.com.br\/news\/wp-json\/wp\/v2\/posts"}],"about":[{"href":"https:\/\/www.corumbaonline.com.br\/news\/wp-json\/wp\/v2\/types\/post"}],"author":[{"embeddable":true,"href":"https:\/\/www.corumbaonline.com.br\/news\/wp-json\/wp\/v2\/users\/1"}],"replies":[{"embeddable":true,"href":"https:\/\/www.corumbaonline.com.br\/news\/wp-json\/wp\/v2\/comments?post=30135"}],"version-history":[{"count":1,"href":"https:\/\/www.corumbaonline.com.br\/news\/wp-json\/wp\/v2\/posts\/30135\/revisions"}],"predecessor-version":[{"id":30137,"href":"https:\/\/www.corumbaonline.com.br\/news\/wp-json\/wp\/v2\/posts\/30135\/revisions\/30137"}],"wp:featuredmedia":[{"embeddable":true,"href":"https:\/\/www.corumbaonline.com.br\/news\/wp-json\/wp\/v2\/media\/30136"}],"wp:attachment":[{"href":"https:\/\/www.corumbaonline.com.br\/news\/wp-json\/wp\/v2\/media?parent=30135"}],"wp:term":[{"taxonomy":"category","embeddable":true,"href":"https:\/\/www.corumbaonline.com.br\/news\/wp-json\/wp\/v2\/categories?post=30135"},{"taxonomy":"post_tag","embeddable":true,"href":"https:\/\/www.corumbaonline.com.br\/news\/wp-json\/wp\/v2\/tags?post=30135"}],"curies":[{"name":"wp","href":"https:\/\/api.w.org\/{rel}","templated":true}]}}