{"id":30140,"date":"2019-04-22T10:30:26","date_gmt":"2019-04-22T14:30:26","guid":{"rendered":"http:\/\/www.corumbaonline.com.br\/news\/?p=30140"},"modified":"2019-04-22T11:53:49","modified_gmt":"2019-04-22T15:53:49","slug":"palestra-abordou-doenca-falciforme-para-alunos-de-curso-tecnico","status":"publish","type":"post","link":"https:\/\/www.corumbaonline.com.br\/news\/palestra-abordou-doenca-falciforme-para-alunos-de-curso-tecnico\/","title":{"rendered":"Palestra abordou doen\u00e7a falciforme para alunos de curso t\u00e9cnico"},"content":{"rendered":"<p>A Prefeitura Municipal, por meio da Secretaria Especial de Cidadania e Direitos Humanos, realizou palestra alusiva \u00e0 Semana Municipal de Conscientiza\u00e7\u00e3o sobre Doen\u00e7a Falciforme. Voltada para alunos do curso T\u00e9cnico de Enfermagem do Senac, a iniciativa foi da Coordenadoria de Pol\u00edticas P\u00fablicas para Igualdade Racial.<\/p>\n<p>Foram palestrantes no evento, realizado na segunda-feira, 15 de abril, os membros da Associa\u00e7\u00e3o Corumbaense das Pessoas com Doen\u00e7a Falciforme (ACODFAL), Davi Vital do Ros\u00e1rio e Claudia Natacha Bassi; e integrantes da Secretaria Especial de Cidadania e Direitos Humanos.<\/p>\n<p>A doen\u00e7a falciforme \u00e9 uma doen\u00e7a que passa dos pais para os filhos, e altera os gl\u00f3bulos vermelhos. Dentro destas c\u00e9lulas existe um pigmento chamado hemoglobina, que d\u00e1 a cor vermelha ao sangue e tamb\u00e9m transporta o oxig\u00eanio para todas as partes do corpo. A maioria das pessoas recebe de seus pais hemoglobina normal chamada hemoglobina (A). Como recebe uma parte da m\u00e3e e outra do pai, cada pessoa \u00e9 (AA).<\/p>\n<p>As pessoas com doen\u00e7a falciforme recebem de seus pais, hemoglobina anormal chamada hemoglobina (S). Como recebem uma parte do pai e outra da m\u00e3e, elas s\u00e3o (SS). O gl\u00f3bulo vermelho com hemoglobina (S) pode ficar com forma de meia lua ou foice, da\u00ed o nome falciforme. Essas c\u00e9lulas t\u00eam sua membrana alterada e rompem-se mais facilmente causando anemia hemol\u00edtica &#8211; a pessoa fica p\u00e1lida e com icter\u00edcia (branco do olho amarelo).<\/p>\n<p>\u00c9 mais frequente na popula\u00e7\u00e3o negra e seus descendentes, mas ocorre tamb\u00e9m em brancos; n\u00e3o \u00e9 contagiosa. As pessoas portadoras necessitam de cuidados especiais de sa\u00fade, desde a inf\u00e2ncia. O tra\u00e7o falciforme n\u00e3o \u00e9 uma doen\u00e7a. Significa que a pessoa herdou de seus pais a hemoglobina (A) e (S). Como recebeu um tipo da m\u00e3e e outro do pai \u00e9 (AS). \u00c9 uma pessoa saud\u00e1vel e pode levar uma vida normal.<\/p>\n<p><strong>Sinais e sintomas<\/strong><\/p>\n<p>*Crises dolorosas: dor em ossos, m\u00fasculos e juntas associadas ou n\u00e3o a infec\u00e7\u00f5es, exposi\u00e7\u00f5es ao frio, esfor\u00e7os.<\/p>\n<p>*Palidez, cansa\u00e7o f\u00e1cil, icter\u00edcia: cor amarelada, vis\u00edvel principalmente no branco do olho.<\/p>\n<p>*\u00dalceras (feridas) nas pernas.<\/p>\n<p>*Nas crian\u00e7as pode haver incha\u00e7o muito doloroso nas m\u00e3os e nos p\u00e9s. Pode haver tamb\u00e9m sequestro do sangue no ba\u00e7o causando palidez muito grande, \u00e0s vezes desmaio e aumento do ba\u00e7o (\u00e9 uma emerg\u00eancia).<\/p>\n<p>*Maior tend\u00eancia a infec\u00e7\u00f5es.<\/p>\n<p><strong>O teste do pezinho<\/strong><\/p>\n<p>O teste do pezinho \u00e9 um exame r\u00e1pido de preven\u00e7\u00e3o que coleta gotinhas de sangue do calcanhar do beb\u00ea com a finalidade de impedir o desenvolvimento de doen\u00e7as que, se n\u00e3o tratadas, podem levar \u00e0 defici\u00eancia intelectual e causar outros preju\u00edzos \u00e0 qualidade de vida das pessoas.<\/p>\n<p>Atrav\u00e9s do teste do pezinho b\u00e1sico podem ser diagnosticadas a Fenilceton\u00faria, o Hipotireoidismo Cong\u00eanito, a Doen\u00e7a Falciforme e demais Hemoglobinopatias. A coleta deve ser efetuada na primeira semana de vida da crian\u00e7a e as amostras devem ser enviadas o quanto antes para o laborat\u00f3rio.<\/p>\n","protected":false},"excerpt":{"rendered":"<p>A Prefeitura Municipal, por meio da Secretaria Especial de Cidadania e Direitos Humanos, realizou palestra&#8230;<\/p>\n","protected":false},"author":1,"featured_media":30141,"comment_status":"closed","ping_status":"closed","sticky":false,"template":"","format":"standard","meta":{"footnotes":""},"categories":[21],"tags":[],"class_list":["post-30140","post","type-post","status-publish","format-standard","has-post-thumbnail","hentry","category-saude"],"_links":{"self":[{"href":"https:\/\/www.corumbaonline.com.br\/news\/wp-json\/wp\/v2\/posts\/30140","targetHints":{"allow":["GET"]}}],"collection":[{"href":"https:\/\/www.corumbaonline.com.br\/news\/wp-json\/wp\/v2\/posts"}],"about":[{"href":"https:\/\/www.corumbaonline.com.br\/news\/wp-json\/wp\/v2\/types\/post"}],"author":[{"embeddable":true,"href":"https:\/\/www.corumbaonline.com.br\/news\/wp-json\/wp\/v2\/users\/1"}],"replies":[{"embeddable":true,"href":"https:\/\/www.corumbaonline.com.br\/news\/wp-json\/wp\/v2\/comments?post=30140"}],"version-history":[{"count":1,"href":"https:\/\/www.corumbaonline.com.br\/news\/wp-json\/wp\/v2\/posts\/30140\/revisions"}],"predecessor-version":[{"id":30142,"href":"https:\/\/www.corumbaonline.com.br\/news\/wp-json\/wp\/v2\/posts\/30140\/revisions\/30142"}],"wp:featuredmedia":[{"embeddable":true,"href":"https:\/\/www.corumbaonline.com.br\/news\/wp-json\/wp\/v2\/media\/30141"}],"wp:attachment":[{"href":"https:\/\/www.corumbaonline.com.br\/news\/wp-json\/wp\/v2\/media?parent=30140"}],"wp:term":[{"taxonomy":"category","embeddable":true,"href":"https:\/\/www.corumbaonline.com.br\/news\/wp-json\/wp\/v2\/categories?post=30140"},{"taxonomy":"post_tag","embeddable":true,"href":"https:\/\/www.corumbaonline.com.br\/news\/wp-json\/wp\/v2\/tags?post=30140"}],"curies":[{"name":"wp","href":"https:\/\/api.w.org\/{rel}","templated":true}]}}