{"id":30167,"date":"2019-04-23T08:21:49","date_gmt":"2019-04-23T12:21:49","guid":{"rendered":"http:\/\/www.corumbaonline.com.br\/news\/?p=30167"},"modified":"2019-04-23T08:57:58","modified_gmt":"2019-04-23T12:57:58","slug":"alms-deputados-devem-analisar-um-veto-e-tres-projetos-na-sessao-desta-terca-feira","status":"publish","type":"post","link":"https:\/\/www.corumbaonline.com.br\/news\/alms-deputados-devem-analisar-um-veto-e-tres-projetos-na-sessao-desta-terca-feira\/","title":{"rendered":"ALMS: Deputados devem analisar um veto e tr\u00eas projetos na sess\u00e3o desta ter\u00e7a-feira"},"content":{"rendered":"<p>Os deputados estaduais devem apreciar em discuss\u00e3o \u00fanica, durante a\u00a0sess\u00e3o ordin\u00e1ria desta ter\u00e7a-feira (22) da Assembleia Legislativa de Mato Grosso do Sul (ALMS), um veto total do governador Reinaldo Azambuja (PSDB). A pauta prev\u00ea, ainda, a vota\u00e7\u00e3o, em primeira discuss\u00e3o, de tr\u00eas projetos, um de autoria do Poder Executivo e dois, do Legislativo.<\/p>\n<p>Entre as mat\u00e9rias a serem analisadas na Ordem do Dia, est\u00e1 o\u00a0<a href=\"http:\/\/sgpl.consulta.al.ms.gov.br\/sgpl-publico\/#\/linha-tempo?idProposicao=57014\" target=\"_blank\" rel=\"noopener noreferrer\">veto<\/a>\u00a0do governador ao\u00a0<a href=\"http:\/\/sgpl.consulta.al.ms.gov.br\/sgpl-publico\/#\/linha-tempo?idProposicao=53298\" target=\"_blank\" rel=\"noopener noreferrer\">Projeto de Lei (PL) 235\/2016<\/a>, de autoria da ent\u00e3o deputada Antonieta Amorin e que altera a reda\u00e7\u00e3o da Lei 2.830\/2004. Conforme justificativa do governo, o projeto apresenta \u201cinconstitucionalidade formal\u201d, por se tratar de \u201cmat\u00e9ria de compet\u00eancia legislativa exclusiva da Uni\u00e3o\u201d. O parecer da Comiss\u00e3o de Constitui\u00e7\u00e3o, Justi\u00e7a e Reda\u00e7\u00e3o (CCJR) foi favor\u00e1vel pela rejei\u00e7\u00e3o do veto.<\/p>\n<p>Os parlamentares tamb\u00e9m devem votar o\u00a0<a href=\"http:\/\/sgpl.consulta.al.ms.gov.br\/sgpl-publico\/#\/linha-tempo?idProposicao=82687\" target=\"_blank\" rel=\"noopener noreferrer\">Projeto de Lei Complementar 03\/2019<\/a>, de autoria do Poder Executivo. A proposta altera a reda\u00e7\u00e3o e acrescenta dispositivos \u00e0 Lei Complementar 213\/2015, que cria o Conselho de Fiscaliza\u00e7\u00e3o dos Crit\u00e9rios de Divis\u00e3o e Creditamento das Parcelas Pertencentes aos Munic\u00edpios.<\/p>\n<p>Com a nova reda\u00e7\u00e3o, apresentada pelo projeto, a ementa da Lei 2013\/2015 seria a seguinte: : &#8220;Cria o Conselho de Acompanhamento e Fiscaliza\u00e7\u00e3o do \u00cdndice de Participa\u00e7\u00e3o dos Munic\u00edpios, para o acompanhamento e a fiscaliza\u00e7\u00e3o da apura\u00e7\u00e3o do \u00edndice de participa\u00e7\u00e3o no ICMS e do creditamento das respectivas parcelas aos Munic\u00edpios, previsto no art. 156 da Constitui\u00e7\u00e3o Estadual&#8221;.<\/p>\n<p>Tamb\u00e9m est\u00e3o previstas as vota\u00e7\u00f5es de dois projetos de autoria de parlamentares. Um deles \u00e9 o\u00a0<a href=\"http:\/\/sgpl.consulta.al.ms.gov.br\/sgpl-publico\/#\/linha-tempo?idProposicao=82409\" target=\"_blank\" rel=\"noopener noreferrer\">PL 45\/2019<\/a>, do deputado L\u00eddio Lopes (PATRIOTA), que disp\u00f5e sobre a permiss\u00e3o para visita\u00e7\u00e3o a pacientes, de animais dom\u00e9sticos e de estima\u00e7\u00e3o em hospitais da rede p\u00fablica e privada de Mato Grosso do Sul. \u201cA proposta busca levar mais alegria e bem-estar aos pacientes, ajudando-os na recupera\u00e7\u00e3o da sa\u00fade\u201d, afirma o parlamentar.<\/p>\n<p>O outro projeto (<a href=\"http:\/\/sgpl.consulta.al.ms.gov.br\/sgpl-publico\/#\/linha-tempo?idProposicao=82477\" target=\"_blank\" rel=\"noopener noreferrer\">PL 47\/2019<\/a>), de autoria do deputado Renato C\u00e2mara (MDB), institui a Semana Estadual de Enfrentamento \u00e0 Tr\u00edplice Epidemia (dengue, zika e chikungunya), integrando o calend\u00e1rio oficial de eventos de Mato Grosso do Sul. O per\u00edodo proposto \u00e9 de 21 a 27 de outubro. O projeto visa incentivar as a\u00e7\u00f5es de preven\u00e7\u00e3o e de combate ao mosquito\u00a0<em>Aedes aegypti<\/em>, de acordo com o deputado.<\/p>\n","protected":false},"excerpt":{"rendered":"<p>Os deputados estaduais devem apreciar em discuss\u00e3o \u00fanica, durante a\u00a0sess\u00e3o ordin\u00e1ria desta ter\u00e7a-feira (22) da&#8230;<\/p>\n","protected":false},"author":1,"featured_media":0,"comment_status":"closed","ping_status":"closed","sticky":false,"template":"","format":"standard","meta":{"footnotes":""},"categories":[19],"tags":[],"class_list":["post-30167","post","type-post","status-publish","format-standard","hentry","category-politica"],"_links":{"self":[{"href":"https:\/\/www.corumbaonline.com.br\/news\/wp-json\/wp\/v2\/posts\/30167","targetHints":{"allow":["GET"]}}],"collection":[{"href":"https:\/\/www.corumbaonline.com.br\/news\/wp-json\/wp\/v2\/posts"}],"about":[{"href":"https:\/\/www.corumbaonline.com.br\/news\/wp-json\/wp\/v2\/types\/post"}],"author":[{"embeddable":true,"href":"https:\/\/www.corumbaonline.com.br\/news\/wp-json\/wp\/v2\/users\/1"}],"replies":[{"embeddable":true,"href":"https:\/\/www.corumbaonline.com.br\/news\/wp-json\/wp\/v2\/comments?post=30167"}],"version-history":[{"count":1,"href":"https:\/\/www.corumbaonline.com.br\/news\/wp-json\/wp\/v2\/posts\/30167\/revisions"}],"predecessor-version":[{"id":30168,"href":"https:\/\/www.corumbaonline.com.br\/news\/wp-json\/wp\/v2\/posts\/30167\/revisions\/30168"}],"wp:attachment":[{"href":"https:\/\/www.corumbaonline.com.br\/news\/wp-json\/wp\/v2\/media?parent=30167"}],"wp:term":[{"taxonomy":"category","embeddable":true,"href":"https:\/\/www.corumbaonline.com.br\/news\/wp-json\/wp\/v2\/categories?post=30167"},{"taxonomy":"post_tag","embeddable":true,"href":"https:\/\/www.corumbaonline.com.br\/news\/wp-json\/wp\/v2\/tags?post=30167"}],"curies":[{"name":"wp","href":"https:\/\/api.w.org\/{rel}","templated":true}]}}