{"id":30180,"date":"2019-04-23T09:38:56","date_gmt":"2019-04-23T13:38:56","guid":{"rendered":"http:\/\/www.corumbaonline.com.br\/news\/?p=30180"},"modified":"2019-04-23T10:17:26","modified_gmt":"2019-04-23T14:17:26","slug":"estado-islamico-reivindica-autoria-de-atentados-no-sri-lanka","status":"publish","type":"post","link":"https:\/\/www.corumbaonline.com.br\/news\/estado-islamico-reivindica-autoria-de-atentados-no-sri-lanka\/","title":{"rendered":"Estado Isl\u00e2mico reivindica autoria de atentados no Sri Lanka"},"content":{"rendered":"<p>O grupo jihadista Daesh (Estado Isl\u00e2mico) garantiu hoje (23) ter estado na origem dos ataques suicidas que fizeram 321 mortos e mais de 500 feridos no Sri Lanka. No entanto, seus integrantes n\u00e3o apresentam provas dessa autoria.<\/p>\n<div class=\"dnd-widget-wrapper context-cheio_8colunas type-image\">\n<div class=\"dnd-atom-rendered\">\n<figure class=\"mejs-fotoh-wrapper\">\n<p><figure style=\"width: 754px\" class=\"wp-caption alignnone\"><img loading=\"lazy\" decoding=\"async\" class=\"img-responsive full full\" title=\"REUTERS\/Dinuka Liyanawatte\/Direitos Reservados\" src=\"http:\/\/imagens.ebc.com.br\/OCyY99t_UJjA3jtIqGWtL87DwrQ=\/754x0\/smart\/http:\/\/agenciabrasil.ebc.com.br\/sites\/default\/files\/thumbnails\/image\/2019-04-21t092559z_1463401864_rc1b552b1c10_rtrmadp_3_sri-lanka-blast.jpg?itok=Cc_wIKF2\" alt=\"Sri Lanka, Explos\u00e3o, Igreja. REUTERS\/Dinuka Liyanawatte\" width=\"754\" height=\"436\" \/><figcaption class=\"wp-caption-text\">Atentados no Sri Lanka mataram pelo menos 300 pessoas e destru\u00edram pr\u00e9dios\u00a0\u00a0(REUTERS\/Dinuka Liyanawatte\/Direitos Reservados)<\/figcaption><\/figure><\/figure>\n<\/div>\n<\/div>\n<p>Hoje, o governo do Sri Lanka estabeleceu uma liga\u00e7\u00e3o entre os atentados da P\u00e1scoa, em igrejas e hot\u00e9is, e o\u00a0<a href=\"http:\/\/agenciabrasil.ebc.com.br\/internacional\/noticia\/2019-04\/sri-lanka-diz-que-atentados-foram-retaliacao-christchurch\" target=\"_blank\" rel=\"noopener noreferrer\">ataque terrorista da Nova Zel\u00e2ndia<\/a>, que teve como alvo v\u00e1rias mesquitas de Christchurch.<\/p>\n","protected":false},"excerpt":{"rendered":"<p>O grupo jihadista Daesh (Estado Isl\u00e2mico) garantiu hoje (23) ter estado na origem dos ataques&#8230;<\/p>\n","protected":false},"author":1,"featured_media":0,"comment_status":"closed","ping_status":"closed","sticky":false,"template":"","format":"standard","meta":{"footnotes":""},"categories":[15],"tags":[],"class_list":["post-30180","post","type-post","status-publish","format-standard","hentry","category-internacional"],"_links":{"self":[{"href":"https:\/\/www.corumbaonline.com.br\/news\/wp-json\/wp\/v2\/posts\/30180","targetHints":{"allow":["GET"]}}],"collection":[{"href":"https:\/\/www.corumbaonline.com.br\/news\/wp-json\/wp\/v2\/posts"}],"about":[{"href":"https:\/\/www.corumbaonline.com.br\/news\/wp-json\/wp\/v2\/types\/post"}],"author":[{"embeddable":true,"href":"https:\/\/www.corumbaonline.com.br\/news\/wp-json\/wp\/v2\/users\/1"}],"replies":[{"embeddable":true,"href":"https:\/\/www.corumbaonline.com.br\/news\/wp-json\/wp\/v2\/comments?post=30180"}],"version-history":[{"count":1,"href":"https:\/\/www.corumbaonline.com.br\/news\/wp-json\/wp\/v2\/posts\/30180\/revisions"}],"predecessor-version":[{"id":30181,"href":"https:\/\/www.corumbaonline.com.br\/news\/wp-json\/wp\/v2\/posts\/30180\/revisions\/30181"}],"wp:attachment":[{"href":"https:\/\/www.corumbaonline.com.br\/news\/wp-json\/wp\/v2\/media?parent=30180"}],"wp:term":[{"taxonomy":"category","embeddable":true,"href":"https:\/\/www.corumbaonline.com.br\/news\/wp-json\/wp\/v2\/categories?post=30180"},{"taxonomy":"post_tag","embeddable":true,"href":"https:\/\/www.corumbaonline.com.br\/news\/wp-json\/wp\/v2\/tags?post=30180"}],"curies":[{"name":"wp","href":"https:\/\/api.w.org\/{rel}","templated":true}]}}