{"id":30192,"date":"2019-04-23T11:04:52","date_gmt":"2019-04-23T15:04:52","guid":{"rendered":"http:\/\/www.corumbaonline.com.br\/news\/?p=30192"},"modified":"2019-04-23T11:40:06","modified_gmt":"2019-04-23T15:40:06","slug":"secretario-diz-estar-animado-com-acordo-para-votar-reforma-hoje","status":"publish","type":"post","link":"https:\/\/www.corumbaonline.com.br\/news\/secretario-diz-estar-animado-com-acordo-para-votar-reforma-hoje\/","title":{"rendered":"Secret\u00e1rio diz estar animado com acordo para votar reforma hoje"},"content":{"rendered":"<p>O secret\u00e1rio Especial de Previd\u00eancia e Trabalho do Minist\u00e9rio da Economia, Rog\u00e9rio Marinho, disse hoje (23) que h\u00e1 boa vontade dos parlamentares e do governo no processo de negocia\u00e7\u00e3o para a vota\u00e7\u00e3o da reforma da Previd\u00eancia na Comiss\u00e3o de Constitui\u00e7\u00e3o e Justi\u00e7a da C\u00e2mara dos Deputados. \u201cAcredito que at\u00e9 o meio-dia teremos uma defini\u00e7\u00e3o em rela\u00e7\u00e3o ao processo de vota\u00e7\u00e3o, que vai ocorrer hoje \u00e0s 14h30. Eu estou bastante animado que vai dar certo. Os pontos j\u00e1 foram anunciados. Agora \u00e9 uma negocia\u00e7\u00e3o que permanece, ainda n\u00e3o se exauriu\u201d, disse o Marinho, ap\u00f3s reuni\u00e3o com os deputados Arthur Lira (PP-AL); Wellington Roberto (PR-AM) e Marcelo Ramos (PR-PB), no Minist\u00e9rio da Economia, em Bras\u00edlia.<\/p>\n<p>Originalmente, a vota\u00e7\u00e3o da reforma na CCJ da C\u00e2mara, que avalia se a proposta n\u00e3o viola a Constitui\u00e7\u00e3o, estava prevista para a \u00faltima quarta-feira (17). No entanto,\u00a0<a href=\"http:\/\/agenciabrasil.ebc.com.br\/politica\/noticia\/2019-04\/previdencia-votacao-do-parecer-da-reforma-fica-para-proxima-semana\" target=\"_blank\" rel=\"noopener noreferrer\">a vota\u00e7\u00e3o foi adiada<\/a>, e o governo e l\u00edderes na C\u00e2mara negociam mudan\u00e7as no texto para que haja aprova\u00e7\u00e3o ainda hoje.<\/p>\n<div class=\"dnd-widget-wrapper context-medio_4colunas type-image atom-align-left\">\n<div class=\"dnd-atom-rendered\">\n<figure class=\"mejs-fotoh-wrapper\">\n<p><figure style=\"width: 365px\" class=\"wp-caption alignnone\"><img loading=\"lazy\" decoding=\"async\" class=\"img-responsive full full\" title=\"Marcelo Camargo\/Ag\u00eancia Brasil\" src=\"http:\/\/imagens.ebc.com.br\/sjTErLB1GWHsKWV7pP8SWFDNjMU=\/365x0\/smart\/http:\/\/agenciabrasil.ebc.com.br\/sites\/default\/files\/thumbnails\/image\/edit_mcmgo_abr_160420193806.jpg?itok=IMPvq0Yf\" alt=\"O secret\u00e1rio Especial de Previd\u00eancia e Trabalho, Rog\u00e9rio Marinho, participa de semin\u00e1rio sobre Previd\u00eancia, na C\u00e2mara dos Deputados\" width=\"365\" height=\"243\" \/><figcaption class=\"wp-caption-text\">Secret\u00e1rio Especial de Previd\u00eancia e Trabalho, Rog\u00e9rio Marinho, est\u00e1 otimista com vota\u00e7\u00e3o da reforma da Previd\u00eancia ainda hoje (Arquivo\/Ag\u00eancia Brasil)<\/figcaption><\/figure><\/figure>\n<\/div>\n<\/div>\n<p>No dia 17, o l\u00edder do PP na C\u00e2mara, deputado Arthur Lira (AL), disse que\u00a0<a href=\"http:\/\/agenciabrasil.ebc.com.br\/politica\/noticia\/2019-04\/marinho-governo-negocia-pontos-da-reforma-da-previdenciana-ccj\" target=\"_blank\" rel=\"noopener noreferrer\">o governo aceitou discutir a retirada de quatro pontos da proposta na CCJ<\/a>. O primeiro \u00e9 o fim do pagamento da multa de 40% do Fundo de Garantia do Tempo de Servi\u00e7o (FGTS) e do recolhimento do fundo do trabalhador j\u00e1 aposentado que voltar ao mercado de trabalho.<\/p>\n<p>O segundo ponto \u00e9 a concentra\u00e7\u00e3o, na Justi\u00e7a Federal em Bras\u00edlia, de a\u00e7\u00f5es judiciais contra a reforma da Previd\u00eancia. Os outros pontos s\u00e3o a exclusividade do Poder Executivo de propor mudan\u00e7as na reforma da Previd\u00eancia e a possibilidade de que a idade de aposentadoria compuls\u00f3ria dos servidores p\u00fablicos (atualmente aos 75 anos) seja alterada por lei complementar, em vez de ser definida pela Constitui\u00e7\u00e3o, como atualmente.<\/p>\n<p>Ap\u00f3s a reuni\u00e3o com o secret\u00e1rio hoje, os deputados v\u00e3o discutir com cada bancada a proposta de acordo para definir se apoiam a vota\u00e7\u00e3o da reforma da Previd\u00eancia na CCJ hoje \u00e0 tarde.<\/p>\n<h2>Sigilo de dados<\/h2>\n<p>Marinho disse ainda que, ap\u00f3s a aprova\u00e7\u00e3o na CCJ, os dados desagregados do impacto da reforma na economia ser\u00e3o apresentados aos deputados. \u201cNossa ideia \u00e9 que passe primeiro na CCJ. Na comiss\u00e3o de m\u00e9rito, os deputados n\u00e3o ficar\u00e3o no escuro, v\u00e3o ter todas as condi\u00e7\u00f5es de verificar\u00a0os dados\u201d, disse.<\/p>\n<p>\u201cN\u00e3o h\u00e1 da nossa parte nenhuma dificuldade de ter transpar\u00eancia nesse processo\u201d, acrescentou.<\/p>\n<p>Marinho confirmou a informa\u00e7\u00e3o divulgada ontem (22) pelo presidente da C\u00e2mara dos Deputados, Rodrigo Maia (DEM-RJ), de que na pr\u00f3xima quinta-feira (25) haver\u00e1 uma reuni\u00e3o com parlamentares para o governo repassar informa\u00e7\u00f5es de embasamento da proposta de reforma da Previd\u00eancia.<\/p>\n","protected":false},"excerpt":{"rendered":"<p>O secret\u00e1rio Especial de Previd\u00eancia e Trabalho do Minist\u00e9rio da Economia, Rog\u00e9rio Marinho, disse hoje&#8230;<\/p>\n","protected":false},"author":1,"featured_media":0,"comment_status":"closed","ping_status":"closed","sticky":false,"template":"","format":"standard","meta":{"footnotes":""},"categories":[19],"tags":[],"class_list":["post-30192","post","type-post","status-publish","format-standard","hentry","category-politica"],"_links":{"self":[{"href":"https:\/\/www.corumbaonline.com.br\/news\/wp-json\/wp\/v2\/posts\/30192","targetHints":{"allow":["GET"]}}],"collection":[{"href":"https:\/\/www.corumbaonline.com.br\/news\/wp-json\/wp\/v2\/posts"}],"about":[{"href":"https:\/\/www.corumbaonline.com.br\/news\/wp-json\/wp\/v2\/types\/post"}],"author":[{"embeddable":true,"href":"https:\/\/www.corumbaonline.com.br\/news\/wp-json\/wp\/v2\/users\/1"}],"replies":[{"embeddable":true,"href":"https:\/\/www.corumbaonline.com.br\/news\/wp-json\/wp\/v2\/comments?post=30192"}],"version-history":[{"count":1,"href":"https:\/\/www.corumbaonline.com.br\/news\/wp-json\/wp\/v2\/posts\/30192\/revisions"}],"predecessor-version":[{"id":30193,"href":"https:\/\/www.corumbaonline.com.br\/news\/wp-json\/wp\/v2\/posts\/30192\/revisions\/30193"}],"wp:attachment":[{"href":"https:\/\/www.corumbaonline.com.br\/news\/wp-json\/wp\/v2\/media?parent=30192"}],"wp:term":[{"taxonomy":"category","embeddable":true,"href":"https:\/\/www.corumbaonline.com.br\/news\/wp-json\/wp\/v2\/categories?post=30192"},{"taxonomy":"post_tag","embeddable":true,"href":"https:\/\/www.corumbaonline.com.br\/news\/wp-json\/wp\/v2\/tags?post=30192"}],"curies":[{"name":"wp","href":"https:\/\/api.w.org\/{rel}","templated":true}]}}