{"id":30198,"date":"2019-04-23T11:43:02","date_gmt":"2019-04-23T15:43:02","guid":{"rendered":"http:\/\/www.corumbaonline.com.br\/news\/?p=30198"},"modified":"2019-04-23T12:15:01","modified_gmt":"2019-04-23T16:15:01","slug":"carlos-bolsonaro-ataca-mourao-outra-vez-e-esquenta-crise","status":"publish","type":"post","link":"https:\/\/www.corumbaonline.com.br\/news\/carlos-bolsonaro-ataca-mourao-outra-vez-e-esquenta-crise\/","title":{"rendered":"Carlos Bolsonaro ataca Mour\u00e3o outra vez e esquenta crise"},"content":{"rendered":"\n<p>O vereador carioca Carlos Bolsonaro (PSC-RJ), filho do presidente <strong>Jair Bolsonaro<\/strong>, voltou a atacar Hamilton Mour\u00e3o nas redes sociais. Carlos traduziu e exp\u00f4s &#8220;o que parece ser&#8221;, diz, um convite para uma palestra do vice-presidente nos EUA em que Mour\u00e3o \u00e9 chamado de &#8220;voz da raz\u00e3o e modera\u00e7\u00e3o&#8221; no governo marcado por 100 dias de &#8220;paralisia pol\u00edtica&#8221;.<\/p>\n\n\n\n<p>&#8220;Se n\u00e3o visse, n\u00e3o acreditaria que aceitou com tais termos&#8221;, diz Carlos, indicando supor que Mour\u00e3o teria consentido com sua descri\u00e7\u00e3o no convite. A imagem do comunicado, compartilhada por Carlos, foi publicada na segunda, 22, por um seguidor do vereador, em resposta a outra publica\u00e7\u00e3o em que Carlos critica Mour\u00e3o. &#8220;Traduzindo e expondo logo mais! \u00c9 inacredit\u00e1vel&#8221;, escreveu o filho do presidente ainda na segunda, em resposta ao seguidor.<\/p>\n\n\n\n<p class=\"text\">&#8220;Os primeiros 100 dias do governo Bolsonaro foram marcados por paralisia pol\u00edtica, em grande parte devido \u00e0s crises sucessivas geradas pelo pr\u00f3prio c\u00edrculo interno do presidente, se n\u00e3o por ele mesmo&#8221;, l\u00ea-se na imagem compartilhada por Carlos, com vers\u00e3o traduzida por ele. O texto tamb\u00e9m est\u00e1 dispon\u00edvel no site da Wilson Center, que promoveu o evento.<\/p>\n\n\n\n<p class=\"text\">&#8220;Em meio ao marulho pol\u00edtico, Mour\u00e3o emergiu como uma voz de rez\u00e3o e modera\u00e7\u00e3o, capaz de atuar em assuntos internos e externos. (&#8230;) O ex-general de quatro estrelas tamb\u00e9m se tornou um dos favoritos dos jornalistas brasileiros &#8211; que s\u00e3o frequentemente cr\u00edticos \u00e0 nova administra\u00e7\u00e3o &#8211; por sua disposi\u00e7\u00e3o de se envolver com a m\u00eddia e por suas importantes observa\u00e7\u00f5es sobre a necessidade de o governo valorizar a diversidade de opini\u00f5es&#8221;.<\/p>\n\n\n\n<p class=\"text\">&#8220;J\u00e1 que desta vez n\u00e3o se trata de curtida, vamos ver como alguns ir\u00e3o reclamar&#8221;, escreveu Carlos, em refer\u00eancia ao &#8220;like&#8221; de Mour\u00e3o numa publica\u00e7\u00e3o da jornalista Rachel Sheherazade com cr\u00edticas a Bolsonaro e elogios a ele. A atitude do vice-presidente fez o deputado federal&nbsp;<strong>Marco Feliciano<\/strong>&nbsp;(Podemos-SP) protocolar um pedido de impeachment contra Mour\u00e3o.<\/p>\n\n\n\n<blockquote class=\"twitter-tweet\" data-lang=\"pt\"><p lang=\"pt\" dir=\"ltr\">Tradu\u00e7\u00e3o \u201cso que parece ser\u201d convite ao vice presidente para palestra nos EUA  e convidados-se n\u00e3o visse n\u00e3o acreditaria que aceitou com tais termos (que pode ser conferido no pr\u00f3prio site da empresa) \/ j\u00e1 que desta vez n\u00e3o se trata de curtida vamos ver como alguns ir\u00e3o reclamar. <a href=\"https:\/\/t.co\/saNy6qRYGf\">pic.twitter.com\/saNy6qRYGf<\/a><\/p>&mdash; Carlos Bolsonaro (@CarlosBolsonaro) <a href=\"https:\/\/twitter.com\/CarlosBolsonaro\/status\/1120648459227418625?ref_src=twsrc%5Etfw\">23 de abril de 2019<\/a><\/blockquote>\n<script async src=\"https:\/\/platform.twitter.com\/widgets.js\" charset=\"utf-8\"><\/script>\n\n\n\n<p class=\"text\">Na segunda, Carlos postou a curtida de Mour\u00e3o, com a frase: &#8220;Tirem suas conclus\u00f5es&#8221;. A crise digital n\u00e3o \u00e9 mais digital. Envolve publicamente o filho do presidente, visto por Bolsonaro o principal respons\u00e1vel por sua campanha nas redes sociais, e seu vice-presidente, pessoa de tr\u00e1fego aberto com as for\u00e7as militares do governo e com o mercado.<\/p>\n\n\n\n<p class=\"text\">Mour\u00e3o tem sido alvo de aliados de Bolsonaro. Al\u00e9m do filho, na segunda, em mais uma troca de ofensas e provoca\u00e7\u00f5es virtuais, o vice respondeu ao escritor Olavo de Carvalho, que costuma criticar os militares do governo, dizendo que o escritor que vive nos Estados Unidos deveria se dedicar \u00e0quilo que sabe fazer, de fato: a astrologia. Olavo respondeu horas depois, dizendo que n\u00e3o se surpreendia com a ultradireita contr\u00e1ria a Bolsonaro apoiar o vice-presidente.<\/p>\n\n\n\n<p>O epis\u00f3dio levou Bolsonaro a criticar, pela primeira vez, o escritor. Olavo est\u00e1 por tr\u00e1s das indica\u00e7\u00f5es de ministros como Ernesto Ara\u00fajo, que chefia o Itamaraty. \/&nbsp;COLABOROU ANDR\u00c9 BORGES<\/p>\n","protected":false},"excerpt":{"rendered":"<p>O vereador carioca Carlos Bolsonaro (PSC-RJ), filho do presidente Jair Bolsonaro, voltou a atacar Hamilton&#8230;<\/p>\n","protected":false},"author":1,"featured_media":0,"comment_status":"closed","ping_status":"closed","sticky":false,"template":"","format":"standard","meta":{"footnotes":""},"categories":[19],"tags":[],"class_list":["post-30198","post","type-post","status-publish","format-standard","hentry","category-politica"],"_links":{"self":[{"href":"https:\/\/www.corumbaonline.com.br\/news\/wp-json\/wp\/v2\/posts\/30198","targetHints":{"allow":["GET"]}}],"collection":[{"href":"https:\/\/www.corumbaonline.com.br\/news\/wp-json\/wp\/v2\/posts"}],"about":[{"href":"https:\/\/www.corumbaonline.com.br\/news\/wp-json\/wp\/v2\/types\/post"}],"author":[{"embeddable":true,"href":"https:\/\/www.corumbaonline.com.br\/news\/wp-json\/wp\/v2\/users\/1"}],"replies":[{"embeddable":true,"href":"https:\/\/www.corumbaonline.com.br\/news\/wp-json\/wp\/v2\/comments?post=30198"}],"version-history":[{"count":1,"href":"https:\/\/www.corumbaonline.com.br\/news\/wp-json\/wp\/v2\/posts\/30198\/revisions"}],"predecessor-version":[{"id":30199,"href":"https:\/\/www.corumbaonline.com.br\/news\/wp-json\/wp\/v2\/posts\/30198\/revisions\/30199"}],"wp:attachment":[{"href":"https:\/\/www.corumbaonline.com.br\/news\/wp-json\/wp\/v2\/media?parent=30198"}],"wp:term":[{"taxonomy":"category","embeddable":true,"href":"https:\/\/www.corumbaonline.com.br\/news\/wp-json\/wp\/v2\/categories?post=30198"},{"taxonomy":"post_tag","embeddable":true,"href":"https:\/\/www.corumbaonline.com.br\/news\/wp-json\/wp\/v2\/tags?post=30198"}],"curies":[{"name":"wp","href":"https:\/\/api.w.org\/{rel}","templated":true}]}}