{"id":30207,"date":"2019-04-23T16:37:46","date_gmt":"2019-04-23T20:37:46","guid":{"rendered":"http:\/\/www.corumbaonline.com.br\/news\/?p=30207"},"modified":"2019-04-23T16:39:18","modified_gmt":"2019-04-23T20:39:18","slug":"vereador-reivindica-mais-seguranca-na-regiao-do-universitario-e-maria-leite","status":"publish","type":"post","link":"https:\/\/www.corumbaonline.com.br\/news\/vereador-reivindica-mais-seguranca-na-regiao-do-universitario-e-maria-leite\/","title":{"rendered":"Vereador reivindica mais seguran\u00e7a na regi\u00e3o do Universit\u00e1rio e Maria Leite"},"content":{"rendered":"<p><span style=\"color: #000000;\">Com o aumento dos \u00edndices de criminalidade na regi\u00e3o leste da cidade, o vereador Luciano Costa fez ontem, segunda-feira, 22 de abril, um pedido por maior seguran\u00e7a nos bairros Universit\u00e1rio e Maria Leite.<\/span><\/p>\n<p><span style=\"color: #000000;\">Ele informou que, nessa regi\u00e3o, os \u00edndices de assaltos e roubos est\u00e3o crescendo demasiadamente, e que \u00e9 preciso intensificar a presen\u00e7a de policiais para combater as a\u00e7\u00f5es de marginais.<\/span><\/p>\n<p><span style=\"color: #000000;\">Por isso mesmo, por meio de requerimento, Luciano solicitou ao comandante do 6\u00ba Batalh\u00e3o de Pol\u00edcia Militar, tenente-coronel Massilon de Oliveira Silva e Neto, no sentido que providencie o aumento das rondas nos dois bairros.<\/span><\/p>\n<p><span style=\"color: #000000;\">Tamb\u00e9m para atender a regi\u00e3o do Universit\u00e1rio, Luciano reivindicou ao prefeito Marcelo Iunes; ao secret\u00e1rio de Infraestrutura e Servi\u00e7os P\u00fablicos, Ricardo Ametlla, e ao diretor da Agetrat, Alexandre Vasconcellos, a abertura do canteiro da Avenida Rio Branco em frente a um posto de combust\u00edvel que est\u00e1 em fase de conclus\u00e3o na via, pr\u00f3ximo \u00e0 Universidade Federal.<\/span><\/p>\n<p><span style=\"color: #000000;\">\u201cNosso pedido \u00e9 que seja feito um estudo de viabilidade para se saber se, no local, al\u00e9m da abertura do canteiro, ser\u00e1 importante a implanta\u00e7\u00e3o de lombadas, sinais de tr\u00e2nsito, ou mesmo um redutor de velocidade\u201d, completou.<\/span><\/p>\n","protected":false},"excerpt":{"rendered":"<p>Com o aumento dos \u00edndices de criminalidade na regi\u00e3o leste da cidade, o vereador Luciano&#8230;<\/p>\n","protected":false},"author":1,"featured_media":30208,"comment_status":"closed","ping_status":"closed","sticky":false,"template":"","format":"standard","meta":{"footnotes":""},"categories":[19],"tags":[],"class_list":["post-30207","post","type-post","status-publish","format-standard","has-post-thumbnail","hentry","category-politica"],"_links":{"self":[{"href":"https:\/\/www.corumbaonline.com.br\/news\/wp-json\/wp\/v2\/posts\/30207","targetHints":{"allow":["GET"]}}],"collection":[{"href":"https:\/\/www.corumbaonline.com.br\/news\/wp-json\/wp\/v2\/posts"}],"about":[{"href":"https:\/\/www.corumbaonline.com.br\/news\/wp-json\/wp\/v2\/types\/post"}],"author":[{"embeddable":true,"href":"https:\/\/www.corumbaonline.com.br\/news\/wp-json\/wp\/v2\/users\/1"}],"replies":[{"embeddable":true,"href":"https:\/\/www.corumbaonline.com.br\/news\/wp-json\/wp\/v2\/comments?post=30207"}],"version-history":[{"count":1,"href":"https:\/\/www.corumbaonline.com.br\/news\/wp-json\/wp\/v2\/posts\/30207\/revisions"}],"predecessor-version":[{"id":30209,"href":"https:\/\/www.corumbaonline.com.br\/news\/wp-json\/wp\/v2\/posts\/30207\/revisions\/30209"}],"wp:featuredmedia":[{"embeddable":true,"href":"https:\/\/www.corumbaonline.com.br\/news\/wp-json\/wp\/v2\/media\/30208"}],"wp:attachment":[{"href":"https:\/\/www.corumbaonline.com.br\/news\/wp-json\/wp\/v2\/media?parent=30207"}],"wp:term":[{"taxonomy":"category","embeddable":true,"href":"https:\/\/www.corumbaonline.com.br\/news\/wp-json\/wp\/v2\/categories?post=30207"},{"taxonomy":"post_tag","embeddable":true,"href":"https:\/\/www.corumbaonline.com.br\/news\/wp-json\/wp\/v2\/tags?post=30207"}],"curies":[{"name":"wp","href":"https:\/\/api.w.org\/{rel}","templated":true}]}}