{"id":30228,"date":"2019-04-24T08:56:46","date_gmt":"2019-04-24T12:56:46","guid":{"rendered":"http:\/\/www.corumbaonline.com.br\/news\/?p=30228"},"modified":"2019-04-24T09:32:07","modified_gmt":"2019-04-24T13:32:07","slug":"camara-autoriza-inicio-das-conversacoes-para-renovacao-de-concessao-com-a-sanesul","status":"publish","type":"post","link":"https:\/\/www.corumbaonline.com.br\/news\/camara-autoriza-inicio-das-conversacoes-para-renovacao-de-concessao-com-a-sanesul\/","title":{"rendered":"C\u00e2mara autoriza in\u00edcio das conversa\u00e7\u00f5es para renova\u00e7\u00e3o de concess\u00e3o com a Sanesul"},"content":{"rendered":"<p><span style=\"color: #000000;\">Com emendas e por unanimidade, a C\u00e2mara Municipal de Corumb\u00e1 aprovou na sess\u00e3o de ontem, segunda-feira, 22 de abril, o Projeto de Lei do Poder Executivo, autorizando a Prefeitura a iniciar negocia\u00e7\u00f5es com o Estado de Mato Grosso do Sul, para a renova\u00e7\u00e3o da concess\u00e3o dos servi\u00e7os de \u00e1gua e esgoto com a Sanesul.<\/span><\/p>\n<p><span style=\"color: #000000;\">A proposta estava tramitando na Casa de Leis e foi aprovada pelos 13 vereadores presentes, ap\u00f3s um amplo debate com a presen\u00e7a inclusive do prefeito Marcelo Iunes em uma das sess\u00f5es do Legislativo, no dia 15 de abril, quando ele detalhou o Projeto de Lei os vereadores e p\u00fablico presente no plen\u00e1rio da Casa do Bar\u00e3o de Vila Maria.<\/span><\/p>\n<p><span style=\"color: #000000;\">Entre as emendas aditivas e modificativas aprovadas pelos vereadores e inseridas no Projeto de Lei, se destacam a taxa de esgoto que dever\u00e1\u00a0ter um percentual de at\u00e9 50% do valor da tarifa da \u00e1gua; fim da cobran\u00e7a da tarifa b\u00e1sica de consumo de \u00e1gua no sentido de que a popula\u00e7\u00e3o pague somente aquilo que realmente consumir, bem como a participa\u00e7\u00e3o da C\u00e2mara na mesa de negocia\u00e7\u00f5es com a Sanesul.<\/span><\/p>\n<p><span style=\"color: #000000;\">O vereador e presidente do Legislativo, Roberto Gomes Fa\u00e7anha, elogiou a postura adotada pelos vereadores que, antes da aprova\u00e7\u00e3o, debateram amplamente o tema, preocupados em atender os anseios da popula\u00e7\u00e3o.<\/span><\/p>\n<p><span style=\"color: #000000;\">Citou que a redu\u00e7\u00e3o da taxa de esgoto foi uma unanimidade. \u201cHoje, a popula\u00e7\u00e3o paga 70% do valor da \u00e1gua. A renova\u00e7\u00e3o, com certeza, passar\u00e1 pela redu\u00e7\u00e3o desse percentual. A emenda cita at\u00e9 50%, mas vamos brigar para reduzir ainda mais\u201d, anunciou.<\/span><\/p>\n<p><span style=\"color: #000000;\">\u201cAl\u00e9m disso, vamos brigar por outras quest\u00f5es, como cobrar aquilo que realmente a popula\u00e7\u00e3o consome, com o fim da tarifa b\u00e1sica; investimentos na amplia\u00e7\u00e3o do sistema e \u00e1gua para toda a cidade, assim como nos distritos &#8211; Albuquerque e Porto Esperan\u00e7a, principalmente; apoio financeiro ao nosso hospital, inclusive com a isen\u00e7\u00e3o da d\u00edvida da Sociedade Beneficente Corumbaense com a Sanesul, e at\u00e9 com a d\u00edvida do Munic\u00edpio\u201d, acentuou.<\/span><\/p>\n<p><span style=\"color: #000000;\">Fa\u00e7anha observou ainda que a presen\u00e7a do prefeito Marcelo Iunes na sess\u00e3o do dia 15 de abril, foi de extrema import\u00e2ncia. \u201cTrata-se de um assunto de relev\u00e2ncia, principalmente para a nossa popula\u00e7\u00e3o. Por isso fiz quest\u00e3o de convidar o prefeito para que ele pudesse detalhar o processo, antes da vota\u00e7\u00e3o final\u201d, lembrou.<\/span><\/p>\n<p><span style=\"color: #000000;\">Para ele, a explana\u00e7\u00e3o do prefeito pesou na vota\u00e7\u00e3o da mat\u00e9ria. \u201cEle relatou sobre redu\u00e7\u00e3o da taxa do esgoto, sobre os investimentos que a Sanesul far\u00e1 na cidade, inclusive por meio de subven\u00e7\u00e3o social, assim como sobre o in\u00edcio das conversas para anistia da d\u00edvida do Hospital e do Munic\u00edpio\u201d, disse, lembrando pelo plano de investimento da empresa no per\u00edodo de 30 anos, a previs\u00e3o \u00e9 aplicar cerca de R$ 120 milh\u00f5es (R$ 4 milh\u00f5es por ano).<\/span><\/p>\n<p><span style=\"color: #000000;\">\u201cA municipaliza\u00e7\u00e3o seria praticamente imposs\u00edvel. Dif\u00edcil pagar uma d\u00edvida com a Sanesul que chega a R$ 60 milh\u00f5es \u2013 R$ 40 milh\u00f5es do hospital e R$ 20 milh\u00f5es do Munic\u00edpio. Diante dessa situa\u00e7\u00e3o, temos que sentar, debater amplamente e buscar o que \u00e9 melhor para a popula\u00e7\u00e3o, para Corumb\u00e1. E \u00e9 isso que vamos fazer\u201d, completou.<\/span><\/p>\n","protected":false},"excerpt":{"rendered":"<p>Com emendas e por unanimidade, a C\u00e2mara Municipal de Corumb\u00e1 aprovou na sess\u00e3o de ontem,&#8230;<\/p>\n","protected":false},"author":1,"featured_media":30229,"comment_status":"closed","ping_status":"closed","sticky":false,"template":"","format":"standard","meta":{"footnotes":""},"categories":[8,19],"tags":[],"class_list":["post-30228","post","type-post","status-publish","format-standard","has-post-thumbnail","hentry","category-destaque","category-politica"],"_links":{"self":[{"href":"https:\/\/www.corumbaonline.com.br\/news\/wp-json\/wp\/v2\/posts\/30228","targetHints":{"allow":["GET"]}}],"collection":[{"href":"https:\/\/www.corumbaonline.com.br\/news\/wp-json\/wp\/v2\/posts"}],"about":[{"href":"https:\/\/www.corumbaonline.com.br\/news\/wp-json\/wp\/v2\/types\/post"}],"author":[{"embeddable":true,"href":"https:\/\/www.corumbaonline.com.br\/news\/wp-json\/wp\/v2\/users\/1"}],"replies":[{"embeddable":true,"href":"https:\/\/www.corumbaonline.com.br\/news\/wp-json\/wp\/v2\/comments?post=30228"}],"version-history":[{"count":1,"href":"https:\/\/www.corumbaonline.com.br\/news\/wp-json\/wp\/v2\/posts\/30228\/revisions"}],"predecessor-version":[{"id":30230,"href":"https:\/\/www.corumbaonline.com.br\/news\/wp-json\/wp\/v2\/posts\/30228\/revisions\/30230"}],"wp:featuredmedia":[{"embeddable":true,"href":"https:\/\/www.corumbaonline.com.br\/news\/wp-json\/wp\/v2\/media\/30229"}],"wp:attachment":[{"href":"https:\/\/www.corumbaonline.com.br\/news\/wp-json\/wp\/v2\/media?parent=30228"}],"wp:term":[{"taxonomy":"category","embeddable":true,"href":"https:\/\/www.corumbaonline.com.br\/news\/wp-json\/wp\/v2\/categories?post=30228"},{"taxonomy":"post_tag","embeddable":true,"href":"https:\/\/www.corumbaonline.com.br\/news\/wp-json\/wp\/v2\/tags?post=30228"}],"curies":[{"name":"wp","href":"https:\/\/api.w.org\/{rel}","templated":true}]}}