{"id":30245,"date":"2019-04-24T11:10:33","date_gmt":"2019-04-24T15:10:33","guid":{"rendered":"http:\/\/www.corumbaonline.com.br\/news\/?p=30245"},"modified":"2019-04-24T11:41:47","modified_gmt":"2019-04-24T15:41:47","slug":"carlos-bolsonaro-cita-jean-wyllys-para-atacar-mourao-de-novo","status":"publish","type":"post","link":"https:\/\/www.corumbaonline.com.br\/news\/carlos-bolsonaro-cita-jean-wyllys-para-atacar-mourao-de-novo\/","title":{"rendered":"Carlos Bolsonaro cita Jean Wyllys para atacar Mour\u00e3o de novo"},"content":{"rendered":"<p>Carlos Bolsonaro (PSC-RJ), vereador no Rio de Janeiro e filho do presidente Jair Bolsonaro (PSL), voltou a atacar o vice de seu pai, general Hamilton Mour\u00e3o (PRTB). \u201cEstranh\u00edssimo seu alinhamento com pol\u00edticos que detestam o presidente\u201d, escreveu.<\/p>\n<p>A nova carga foi feita, como de costume, por meio do Twitter. O filho do presidente tem 1,1 milh\u00e3o de seguidores na rede social. Tamb\u00e9m \u00e9 o respons\u00e1vel pela estrat\u00e9gia de comunica\u00e7\u00e3o digital de Bolsonaro desde que era candidato \u00e0 Presid\u00eancia.<\/p>\n<p>No mais novo ataque a Mour\u00e3o, Carlos Bolsonaro requentou uma not\u00edcia de v\u00e1rios dias atr\u00e1s. Trata-se de uma fala do general sobre a sa\u00edda do Pa\u00eds de Jean Wyllys, possivelmente o maior desafeto da fam\u00edlia presidencial e de bolsonaristas em geral.<\/p>\n<p class=\"text\">Mour\u00e3o afirmou, na ocasi\u00e3o, que o ex-deputado federal deveria ter ficado no Brasil. \u201cPoder\u00edamos proteg\u00ea-lo\u201d, afirmou. Wyllys deixou o Pa\u00eds em janeiro, afirmando estar sofrendo amea\u00e7as.<\/p>\n<p class=\"text\">\u201cQualquer um sabe que Jean Willians (sic) n\u00e3o saiu do Brasil por persegui\u00e7\u00e3o, mas por uma esperta jogada pol\u00edtica cultural\u201d, disse Carlos Bolsonaro ainda no mesmo tu\u00edte.<\/p>\n\n\n<blockquote class=\"twitter-tweet\" data-lang=\"pt\"><p lang=\"pt\" dir=\"ltr\">Caiu no colo de Mour\u00e3o algo que jamais plantou. Estranh\u00edssimo seu alinhamento com pol\u00edticos que detestam o Presidente. Qualquer um sabe que Jean Willians n\u00e3o saiu do Brasil por persegui\u00e7\u00e3o, mas por uma esperta jogada pol\u00edtica cultural. Com a palavra, o culto: <a href=\"https:\/\/t.co\/8baawxnBzf\">pic.twitter.com\/8baawxnBzf<\/a><\/p>&mdash; Carlos Bolsonaro (@CarlosBolsonaro) <a href=\"https:\/\/twitter.com\/CarlosBolsonaro\/status\/1121021026962427906?ref_src=twsrc%5Etfw\">24 de abril de 2019<\/a><\/blockquote>\n<script async src=\"https:\/\/platform.twitter.com\/widgets.js\" charset=\"utf-8\"><\/script>\n\n\n<h2 class=\"text\"><strong>&#8216;N\u00e3o ataco ningu\u00e9m&#8217;<\/strong><\/h2>\n<p class=\"text\">Ap\u00f3s a publica\u00e7\u00e3o que cita Jean Wyllys, Carlos Bolsonaro fez mais um post. &#8220;N\u00e3o ataco ningu\u00e9m&#8221;, disse o vereador. Ele tamb\u00e9m lembrou que seus atritos com o vice-presidente s\u00e3o antigos.<\/p>\n\n\n<blockquote class=\"twitter-tweet\" data-lang=\"pt\"><p lang=\"pt\" dir=\"ltr\">Lembro que n\u00e3o estou reclamando do vice s\u00f3 agora e tals&#8230;. s\u00e3o apenas informa\u00e7\u00f5es! N\u00e3o ataco ningu\u00e9m, s\u00e3o apenas fatos que j\u00e1 aconteceram e gostaria de continuar compartilhando com os amigos! Um bom dia a todos!<\/p>&mdash; Carlos Bolsonaro (@CarlosBolsonaro) <a href=\"https:\/\/twitter.com\/CarlosBolsonaro\/status\/1121027596618219520?ref_src=twsrc%5Etfw\">24 de abril de 2019<\/a><\/blockquote>\n<script async src=\"https:\/\/platform.twitter.com\/widgets.js\" charset=\"utf-8\"><\/script>\n\n\n<h2 class=\"text\"><strong>Ataques em fam\u00edlia<\/strong><\/h2>\n<p class=\"text\">O vereador do Rio de Janeiro tem atacado Mour\u00e3o sistematicamente nos \u00faltimos dias. Em\u00a0<a href=\"https:\/\/www.terra.com.br\/noticias\/eduardo-bolsonaro-o-que-causa-ruido-sao-as-declaracoes-do-vice-presidente,398984cf04969b758cda6553d27604cdyps7gjas.html\">entrevista<\/a>\u00a0publicada nesta quarta-feira, 24, pelo jornal\u00a0<em>O Estado de S. Paulo<\/em>, outro filho do presidente (Eduardo, deputado federal) corrobora com a campanha do irm\u00e3o.<\/p>\n<p class=\"text\">Integrantes do alto escal\u00e3o do Planalto tentam\u00a0<a href=\"https:\/\/www.terra.com.br\/noticias\/quando-um-nao-quer-dois-nao-brigam-diz-mourao-apos-publicacoes-de-carlos,94489cf7797958d26fcb3fae40188184j815stkz.html\">colocar \u00e1gua na fervura<\/a>. Na ter\u00e7a-feira, 23, o porta voz da Presid\u00eancia, Ot\u00e1vio R\u00eago Barros, falou em \u201cponto final\u201d no caso Mour\u00e3o-Carlos.<\/p>\n<p class=\"text\">\u201cDeclara\u00e7\u00f5es individuais, publicadas nas mais diversas m\u00eddias, s\u00e3o de exclusiva responsabilidade daquele que as emite\u201d. O pronunciamento, por\u00e9m, n\u00e3o desautorizou o conte\u00fado do que tem sido dito pelo vereador.<\/p>\n<p class=\"text\">Notas publicadas por jornais falam que se suspeita que o pr\u00f3prio presidente Jair Bolsonaro concorda com campanha anti-Mour\u00e3o de Carlos. A concord\u00e2ncia de Eduardo d\u00e1 for\u00e7a \u00e1 tese.<\/p>\n<p class=\"text\">A crise come\u00e7ou no fim de semana, quando um v\u00eddeo com cr\u00edticas ao general foi publicado inclusive na conta de Bolsonaro no Youtube. Posteriormente, o material foi removido.<\/p>\n<p class=\"text\">O que incomoda os filhos do presidente \u00e9 o\u00a0<a href=\"https:\/\/www.terra.com.br\/noticias\/brasil\/politica\/mourao-preparou-discurso-a-empresarios-por-uma-semana,057813958411f41527d18e59a4186c91h9xnu970.html\">protagonismo tomado pelo vice<\/a>, muitas vezes consertando declara\u00e7\u00f5es desastradas de Bolsonaro. No fim do m\u00eas passado, ele se aproximou de alguns dos\u00a0<a href=\"https:\/\/www.terra.com.br\/noticias\/brasil\/politica\/mourao-janta-com-pesos-pesados-do-pib-em-casa-de-skaf,df44ede5ee579bd6d55a19fcd166252doq59kz06.html\">principais empres\u00e1rios do Brasil<\/a>.<\/p>\n<p class=\"text\">Essa n\u00e3o \u00e9 a primeira escaramu\u00e7a entre Carlos Bolsonaro e um membro importante do governo federal. O ex-ministro Gustavo Bebianno tamb\u00e9m era desafeto do filho do presidente. Bebianno\u00a0<a href=\"https:\/\/www.terra.com.br\/noticias\/brasil\/bebianno-diz-que-foi-demitido-por-carlos-bolsonaro-mas-que-nao-e-homem-bomba,b04bc7d2b2fe823691f9b09612da71a31ms8ym92.html\">atribuiu sua demiss\u00e3o a Carlos<\/a>. Como vice, Mour\u00e3o n\u00e3o pode ser demitido.<\/p>","protected":false},"excerpt":{"rendered":"<p>Carlos Bolsonaro (PSC-RJ), vereador no Rio de Janeiro e filho do presidente Jair Bolsonaro (PSL),&#8230;<\/p>\n","protected":false},"author":1,"featured_media":30246,"comment_status":"closed","ping_status":"closed","sticky":false,"template":"","format":"standard","meta":{"footnotes":""},"categories":[19],"tags":[],"class_list":["post-30245","post","type-post","status-publish","format-standard","has-post-thumbnail","hentry","category-politica"],"_links":{"self":[{"href":"https:\/\/www.corumbaonline.com.br\/news\/wp-json\/wp\/v2\/posts\/30245","targetHints":{"allow":["GET"]}}],"collection":[{"href":"https:\/\/www.corumbaonline.com.br\/news\/wp-json\/wp\/v2\/posts"}],"about":[{"href":"https:\/\/www.corumbaonline.com.br\/news\/wp-json\/wp\/v2\/types\/post"}],"author":[{"embeddable":true,"href":"https:\/\/www.corumbaonline.com.br\/news\/wp-json\/wp\/v2\/users\/1"}],"replies":[{"embeddable":true,"href":"https:\/\/www.corumbaonline.com.br\/news\/wp-json\/wp\/v2\/comments?post=30245"}],"version-history":[{"count":1,"href":"https:\/\/www.corumbaonline.com.br\/news\/wp-json\/wp\/v2\/posts\/30245\/revisions"}],"predecessor-version":[{"id":30247,"href":"https:\/\/www.corumbaonline.com.br\/news\/wp-json\/wp\/v2\/posts\/30245\/revisions\/30247"}],"wp:featuredmedia":[{"embeddable":true,"href":"https:\/\/www.corumbaonline.com.br\/news\/wp-json\/wp\/v2\/media\/30246"}],"wp:attachment":[{"href":"https:\/\/www.corumbaonline.com.br\/news\/wp-json\/wp\/v2\/media?parent=30245"}],"wp:term":[{"taxonomy":"category","embeddable":true,"href":"https:\/\/www.corumbaonline.com.br\/news\/wp-json\/wp\/v2\/categories?post=30245"},{"taxonomy":"post_tag","embeddable":true,"href":"https:\/\/www.corumbaonline.com.br\/news\/wp-json\/wp\/v2\/tags?post=30245"}],"curies":[{"name":"wp","href":"https:\/\/api.w.org\/{rel}","templated":true}]}}