{"id":30272,"date":"2019-04-24T17:00:17","date_gmt":"2019-04-24T21:00:17","guid":{"rendered":"http:\/\/www.corumbaonline.com.br\/news\/?p=30272"},"modified":"2019-04-24T17:39:08","modified_gmt":"2019-04-24T21:39:08","slug":"reinaldo-azambuja-busca-ministerios-para-defender-pauta-do-forum-dos-governadores","status":"publish","type":"post","link":"https:\/\/www.corumbaonline.com.br\/news\/reinaldo-azambuja-busca-ministerios-para-defender-pauta-do-forum-dos-governadores\/","title":{"rendered":"Reinaldo Azambuja busca minist\u00e9rios para defender pauta do F\u00f3rum dos Governadores"},"content":{"rendered":"<div class=\"gmail_attr\" dir=\"ltr\">\u00a0O governador Reinaldo Azambuja est\u00e1 em Bras\u00edlia nesta quarta-feira (24) para realizar encontros com t\u00e9cnicos dos poderes executivo, legislativo e judici\u00e1rio e apresentar a pauta de reivindica\u00e7\u00f5es definida ontem (23.3) por 24 gestores estaduais durante o F\u00f3rum de Governadores. Os pleitos foram condensados em seis itens, considerados primordiais para que os governos estaduais tenham condi\u00e7\u00f5es de atender as demandas financeiras deste ano.<\/div>\n<div dir=\"ltr\"><\/div>\n<div class=\"gmail_attr\" dir=\"ltr\">Nesta ter\u00e7a-feira, no per\u00edodo da tarde, Azambuja acompanhado de outros governadores, levou ao presidente da C\u00e2mara dos Deputados, Rodrigo Maia, a necessidade de serem realizadas altera\u00e7\u00f5es na PEC 06\/2019, da Reforma da Previd\u00eancia, com objetivo de criar um fundo para equil\u00edbrio da Previd\u00eancia.<\/div>\n<div dir=\"ltr\"><\/div>\n<div class=\"gmail_attr\" dir=\"ltr\">Al\u00e9m da reforma da previd\u00eancia, o governador est\u00e1 apresentando em Bras\u00edlia uma pauta espec\u00edfica com mais cinco pontos. \u201c\u00c9 uma pauta condensada que precisa andar junto com a Reforma da Previd\u00eancia, sen\u00e3o o pa\u00eds n\u00e3o retoma o crescimento\u201d, destacou o governador. Entre os itens est\u00e3o a apresenta\u00e7\u00e3o do Plano Mansueto, Plano de Equil\u00edbrio Fiscal (PEF), que vai possibilitar que o Governo Federal socorra financeiramente Estados endividados: \u201cO Plano Mansueto \u00e9 emerg\u00eancia porque muitos estados est\u00e3o precisando de uma receita extra\u201d, refor\u00e7ou Azambuja, enfatizando que outro ponto da pauta \u00e9 uma defini\u00e7\u00e3o sobre o ressarcimento das perdas com a isen\u00e7\u00e3o de ICMS na exporta\u00e7\u00e3o de produtos, j\u00e1 que at\u00e9 agora o Governo Federal n\u00e3o acenou com nenhuma proposta concreta.<\/div>\n<div dir=\"ltr\"><\/div>\n<div class=\"gmail_attr\" dir=\"ltr\">A distribui\u00e7\u00e3o dos recursos obtidos com a cess\u00e3o onerosa do pr\u00e9-sal \u00e9 outro tema da pauta que o governador defende como priorit\u00e1rio em Bras\u00edlia. Na semana passada o ministro da Economia, Paulo Guedes, afirmou que poderia antecipar R$ 6 bilh\u00f5es deste processo de concess\u00e3o para atender estados e munic\u00edpios, por\u00e9m as conversas n\u00e3o prosperaram e o Pal\u00e1cio do Planalto n\u00e3o fez um aceno aos gestores estaduais na reuni\u00e3o de ontem.<\/div>\n<div dir=\"ltr\"><\/div>\n<div class=\"gmail_attr\" dir=\"ltr\">Outras duas pautas s\u00e3o a securitiza\u00e7\u00e3o das d\u00edvidas dos Estados, que possibilitaria aos estados obter cr\u00e9dito com aval da Uni\u00e3o, bem como a vota\u00e7\u00e3o no Congresso Nacional da\u00a0 PEC 51, que define novas regras para o Fundo de Participa\u00e7\u00e3o dos Estados (FPE), elevando a 26% a parcela do produto da arrecada\u00e7\u00e3o dos impostos sobre a renda e proventos de qualquer natureza e sobre produtos industrializados destinado ao Fundo.\u00a0\u201cN\u00f3s vamos fazer um esfor\u00e7o coletivo para viabilizarmos esta pauta. Para tanto nos dias 8 e 9 de maio, os governadores, entre eles eu, voltaremos a Bras\u00edlia para fazer reuni\u00f5es com ministros de estado, no STF (Supremo Tribunal Federal) e na C\u00e2mara dos Deputados e Senado Federal\u201d, concluiu Azambuja.<\/div>\n","protected":false},"excerpt":{"rendered":"<p>\u00a0O governador Reinaldo Azambuja est\u00e1 em Bras\u00edlia nesta quarta-feira (24) para realizar encontros com t\u00e9cnicos&#8230;<\/p>\n","protected":false},"author":1,"featured_media":0,"comment_status":"closed","ping_status":"closed","sticky":false,"template":"","format":"standard","meta":{"footnotes":""},"categories":[19],"tags":[],"class_list":["post-30272","post","type-post","status-publish","format-standard","hentry","category-politica"],"_links":{"self":[{"href":"https:\/\/www.corumbaonline.com.br\/news\/wp-json\/wp\/v2\/posts\/30272","targetHints":{"allow":["GET"]}}],"collection":[{"href":"https:\/\/www.corumbaonline.com.br\/news\/wp-json\/wp\/v2\/posts"}],"about":[{"href":"https:\/\/www.corumbaonline.com.br\/news\/wp-json\/wp\/v2\/types\/post"}],"author":[{"embeddable":true,"href":"https:\/\/www.corumbaonline.com.br\/news\/wp-json\/wp\/v2\/users\/1"}],"replies":[{"embeddable":true,"href":"https:\/\/www.corumbaonline.com.br\/news\/wp-json\/wp\/v2\/comments?post=30272"}],"version-history":[{"count":1,"href":"https:\/\/www.corumbaonline.com.br\/news\/wp-json\/wp\/v2\/posts\/30272\/revisions"}],"predecessor-version":[{"id":30273,"href":"https:\/\/www.corumbaonline.com.br\/news\/wp-json\/wp\/v2\/posts\/30272\/revisions\/30273"}],"wp:attachment":[{"href":"https:\/\/www.corumbaonline.com.br\/news\/wp-json\/wp\/v2\/media?parent=30272"}],"wp:term":[{"taxonomy":"category","embeddable":true,"href":"https:\/\/www.corumbaonline.com.br\/news\/wp-json\/wp\/v2\/categories?post=30272"},{"taxonomy":"post_tag","embeddable":true,"href":"https:\/\/www.corumbaonline.com.br\/news\/wp-json\/wp\/v2\/tags?post=30272"}],"curies":[{"name":"wp","href":"https:\/\/api.w.org\/{rel}","templated":true}]}}