{"id":30281,"date":"2019-04-25T08:24:25","date_gmt":"2019-04-25T12:24:25","guid":{"rendered":"http:\/\/www.corumbaonline.com.br\/news\/?p=30281"},"modified":"2019-04-25T09:16:26","modified_gmt":"2019-04-25T13:16:26","slug":"alms-deputados-devem-votar-cinco-projetos-na-sessao-ordinaria-desta-quinta-feira","status":"publish","type":"post","link":"https:\/\/www.corumbaonline.com.br\/news\/alms-deputados-devem-votar-cinco-projetos-na-sessao-ordinaria-desta-quinta-feira\/","title":{"rendered":"ALMS: Deputados devem votar cinco projetos na sess\u00e3o ordin\u00e1ria desta quinta-feira"},"content":{"rendered":"<p>Na Ordem do Dia da sess\u00e3o desta quinta-feira (24), os deputados estaduais devem votar, em primeira discuss\u00e3o, cinco projetos. Quatro mat\u00e9rias s\u00e3o de autoria dos parlamentares e tratam de assuntos relativos \u00e0 sa\u00fade e sobre inclus\u00e3o de eventos no calend\u00e1rio oficial do Estado. O quinto projeto \u00e9 do Poder Executivo e diz respeito \u00e0 estrutura b\u00e1sica do governo.<\/p>\n<p>De autoria do deputado Jamilson Name (PDT), o<a href=\"http:\/\/sgpl.consulta.al.ms.gov.br\/sgpl-publico\/#\/linha-tempo?idProposicao=82541\" target=\"_blank\" rel=\"noopener noreferrer\">\u00a0Projeto de Lei (PL) 57\/2019<\/a>\u00a0obriga a afixa\u00e7\u00e3o de cartazes com informa\u00e7\u00f5es sobre direitos de pessoas com c\u00e2ncer em diversos locais de grande circula\u00e7\u00e3o, como terminais rodovi\u00e1rios, ve\u00edculos de transporte coletivo, hospitais, cl\u00ednicas, etc. Entre os benef\u00edcios, est\u00e3o, por exemplo, isen\u00e7\u00e3o ou redu\u00e7\u00e3o tribut\u00e1ria, quita\u00e7\u00e3o de financiamento da pr\u00f3pria e aux\u00edlio-doen\u00e7a.<\/p>\n<p>Outro projeto, relacionado \u00e0 sa\u00fade e previsto para ser votado nesta quinta-feira, \u00e9 o\u00a0<a href=\"http:\/\/sgpl.consulta.al.ms.gov.br\/sgpl-publico\/#\/linha-tempo?idProposicao=82603\" target=\"_blank\" rel=\"noopener noreferrer\">PL 64\/2019<\/a>, de autoria do deputado Neno Razuk (PTB). Pela proposta, unidades de sa\u00fade de Mato Grosso do Sul ficam obrigadas a aplicarem o question\u00e1rio M-CHAT (Modified Checklist for Autism in Toddlers). Esse instrumento possibilita o rastreamento precoce do autismo, identificando ind\u00edcios desse transtorno em crian\u00e7as entre 18 e 24 meses. \u201c\u00c9 r\u00e1pido, simples e pode ser preenchido pelos pais ou respons\u00e1veis\u201d, detalha o parlamentar.<\/p>\n<p>Est\u00e3o previstos, ainda, dois projetos sobre inclus\u00e3o de eventos no calend\u00e1rio oficial de Mato Grosso do Sul. O deputado Z\u00e9 Teixeira, atrav\u00e9s do\u00a0<a href=\"http:\/\/sgpl.consulta.al.ms.gov.br\/sgpl-publico\/#\/linha-tempo?idProposicao=82673\" target=\"_blank\" rel=\"noopener noreferrer\">PL 67\/2019<\/a>, prop\u00f5e que a Exposi\u00e7\u00e3o Agropecu\u00e1ria, Industrial e Comercial de Dourados (Expoagro), realizada em maio, integre o calend\u00e1rio. O outro projeto \u2013\u00a0<a href=\"http:\/\/sgpl.consulta.al.ms.gov.br\/sgpl-publico\/#\/linha-tempo?idProposicao=82445\" target=\"_blank\" rel=\"noopener noreferrer\">PL 52\/2019<\/a>\u00a0\u2013, de autoria de Evander Vendramini, prev\u00ea a inclus\u00e3o do Calend\u00e1rio de Educa\u00e7\u00e3o Ambiental do Pantanal, que ocorre, anualmente, em novembro.<\/p>\n<p>H\u00e1, ainda, na pauta, o\u00a0<a href=\"http:\/\/sgpl.consulta.al.ms.gov.br\/sgpl-publico\/#\/linha-tempo?idProposicao=83134\" target=\"_blank\" rel=\"noopener noreferrer\">PL 82\/2019<\/a>, do Poder Executivo. O projeto muda a reda\u00e7\u00e3o da\u00a0<a href=\"https:\/\/www.legisweb.com.br\/legislacao\/?id=279344\" target=\"_blank\" rel=\"noopener noreferrer\">Lei 4.640\/ 2014<\/a>, que reorganiza a estrutura b\u00e1sica do governo. A proposta, conforme a justificativa, busca adequar e atualizar as compet\u00eancias dos \u00f3rg\u00e3os do Executivo e, assim, inserir, expressivamente, na legisla\u00e7\u00e3o fun\u00e7\u00f5es j\u00e1 existentes em outros normativos.<\/p>\n","protected":false},"excerpt":{"rendered":"<p>Na Ordem do Dia da sess\u00e3o desta quinta-feira (24), os deputados estaduais devem votar, em&#8230;<\/p>\n","protected":false},"author":1,"featured_media":0,"comment_status":"closed","ping_status":"closed","sticky":false,"template":"","format":"standard","meta":{"footnotes":""},"categories":[19],"tags":[],"class_list":["post-30281","post","type-post","status-publish","format-standard","hentry","category-politica"],"_links":{"self":[{"href":"https:\/\/www.corumbaonline.com.br\/news\/wp-json\/wp\/v2\/posts\/30281","targetHints":{"allow":["GET"]}}],"collection":[{"href":"https:\/\/www.corumbaonline.com.br\/news\/wp-json\/wp\/v2\/posts"}],"about":[{"href":"https:\/\/www.corumbaonline.com.br\/news\/wp-json\/wp\/v2\/types\/post"}],"author":[{"embeddable":true,"href":"https:\/\/www.corumbaonline.com.br\/news\/wp-json\/wp\/v2\/users\/1"}],"replies":[{"embeddable":true,"href":"https:\/\/www.corumbaonline.com.br\/news\/wp-json\/wp\/v2\/comments?post=30281"}],"version-history":[{"count":1,"href":"https:\/\/www.corumbaonline.com.br\/news\/wp-json\/wp\/v2\/posts\/30281\/revisions"}],"predecessor-version":[{"id":30282,"href":"https:\/\/www.corumbaonline.com.br\/news\/wp-json\/wp\/v2\/posts\/30281\/revisions\/30282"}],"wp:attachment":[{"href":"https:\/\/www.corumbaonline.com.br\/news\/wp-json\/wp\/v2\/media?parent=30281"}],"wp:term":[{"taxonomy":"category","embeddable":true,"href":"https:\/\/www.corumbaonline.com.br\/news\/wp-json\/wp\/v2\/categories?post=30281"},{"taxonomy":"post_tag","embeddable":true,"href":"https:\/\/www.corumbaonline.com.br\/news\/wp-json\/wp\/v2\/tags?post=30281"}],"curies":[{"name":"wp","href":"https:\/\/api.w.org\/{rel}","templated":true}]}}