{"id":30293,"date":"2019-04-25T09:39:27","date_gmt":"2019-04-25T13:39:27","guid":{"rendered":"http:\/\/www.corumbaonline.com.br\/news\/?p=30293"},"modified":"2019-04-25T10:39:49","modified_gmt":"2019-04-25T14:39:49","slug":"vereador-pede-apoio-para-viabilizacao-de-helicoptero-para-atender-a-saude-pantaneira","status":"publish","type":"post","link":"https:\/\/www.corumbaonline.com.br\/news\/vereador-pede-apoio-para-viabilizacao-de-helicoptero-para-atender-a-saude-pantaneira\/","title":{"rendered":"Vereador pede apoio para viabiliza\u00e7\u00e3o de helic\u00f3ptero para atender a sa\u00fade pantaneira"},"content":{"rendered":"<p><span style=\"color: #000000;\">A disponibiliza\u00e7\u00e3o de um helic\u00f3ptero para atender as necessidades da sa\u00fade na regi\u00e3o pantaneira, \u00e9 o que pretende o vereador Chic\u00e3o Vianna que esta semana, por meio de requerimento, solicitou apoio da bancada sul-mato-grossense em Bras\u00edlia, para que sejam articulados meios junto ao Governo Federal, para a libera\u00e7\u00e3o da aeronave.<\/span><\/p>\n<p><span style=\"color: #000000;\">O vereador lembrou que em v\u00e1rias regi\u00f5es do Brasil, o Governo Federal disponibilizou helic\u00f3pteros que integram o Servi\u00e7o de Atendimento M\u00f3vel de Urg\u00eancia, e que para Corumb\u00e1, o equipamento \u00e9 apontado como fundamental para a\u00e7\u00f5es de resgate na regi\u00e3o pantaneira, principalmente nas localidades de dif\u00edcil acesso.<\/span><\/p>\n<p><span style=\"color: #000000;\">\u201cHoje contamos com o apoio da Mainha do Brasil, por meio do 5\u00ba Distrito Naval sediado em Lad\u00e1rio, que tem feito os resgates no Pantanal. Mas, a \u00e1rea da sa\u00fade de Corumb\u00e1 necessita de um helic\u00f3ptero para atender as necessidades, principalmente no que tange aos casos de emerg\u00eancia em locais de dif\u00edcil acesso, como na regi\u00e3o do Rio Taquari, entre outras\u201d, explicou.<\/span><\/p>\n<p><span style=\"color: #000000;\">Nesse sentido, o vereador solicitou envio de expediente ao ministro da Sa\u00fade Luiz Henrique Mandetta; ao senador Nelson Trad Filho: \u00e0 deputada federal Beatriz Cavassa, assim como ao deputado federal F\u00e1bio Trad, no sentido de que eles articulem junto ao Governo Federal, para a regi\u00e3o ter acesso ao servi\u00e7o do SAMU 192 a\u00e9reo.<\/span><\/p>\n<p><span style=\"color: #000000;\">\u201cCorumb\u00e1 \u00e9 ponto de apoio para todos os moradores da regi\u00e3o, as mais pr\u00f3ximas ou as mais long\u00ednquas, onde o acesso, quando \u00e9 poss\u00edvel, ocorre somente pela hidrovia do Rio Paraguai. Deste modo, quando h\u00e1 necessidade de atendimento m\u00e9dico ou hospitalar, seja emergencial ou rotineiro, os cidad\u00e3os pantaneiros se dirigem \u00e0 nossa cidade para utilizar dos servi\u00e7os que s\u00e3o disponibilizados \u00e0 popula\u00e7\u00e3o\u201d, citou o vereador.<\/span><\/p>\n<p><span style=\"color: #000000;\">Chic\u00e3o ressalta, no entanto, que existe fam\u00edlias que, para chegar \u00e0 \u00e1rea urbana de Corumb\u00e1, s\u00e3o obrigadas a viajar de barco, cerca de 40 horas. \u201cEm caso da necessidade de um atendimento emergencial, \u00e9 necess\u00e1ria uma a\u00e7\u00e3o mais r\u00e1pida, o que ser\u00e1 poss\u00edvel com a disponibiliza\u00e7\u00e3o desse helic\u00f3ptero\u201d, refor\u00e7ou.<\/span><\/p>\n<p><span style=\"color: #000000;\">O vereador lembra que atendimentos emergenciais ocorrem com frequ\u00eancia na regi\u00e3o do Pantanal, e que n\u00e3o h\u00e1 como suportar longas viagens \u201csob o risco de perderem suas vidas, seja por algum traumatismo causado por acidente, seja por veneno de animal pe\u00e7onhento ou em caso de um parto emergencial, por exemplo\u201d.<\/span><\/p>\n<p><span style=\"color: #000000;\">\u201cNestes casos \u2013 prosseguiu &#8211; o tempo para dar in\u00edcio ao atendimento est\u00e1 diretamente ligado \u00e0s chances de sobreviv\u00eancia, sendo o transporte aquavi\u00e1rio invi\u00e1vel para esse tipo de ocorr\u00eancia. Logo, devido \u00e0 necessidade de constantes atendimentos emergenciais que exigem aten\u00e7\u00e3o imediata, \u00e9 necess\u00e1ria a disponibiliza\u00e7\u00e3o de um helic\u00f3ptero para estas situa\u00e7\u00f5es\u201d, completou.<\/span><\/p>\n","protected":false},"excerpt":{"rendered":"<p>A disponibiliza\u00e7\u00e3o de um helic\u00f3ptero para atender as necessidades da sa\u00fade na regi\u00e3o pantaneira, \u00e9&#8230;<\/p>\n","protected":false},"author":1,"featured_media":30294,"comment_status":"closed","ping_status":"closed","sticky":false,"template":"","format":"standard","meta":{"footnotes":""},"categories":[19],"tags":[],"class_list":["post-30293","post","type-post","status-publish","format-standard","has-post-thumbnail","hentry","category-politica"],"_links":{"self":[{"href":"https:\/\/www.corumbaonline.com.br\/news\/wp-json\/wp\/v2\/posts\/30293","targetHints":{"allow":["GET"]}}],"collection":[{"href":"https:\/\/www.corumbaonline.com.br\/news\/wp-json\/wp\/v2\/posts"}],"about":[{"href":"https:\/\/www.corumbaonline.com.br\/news\/wp-json\/wp\/v2\/types\/post"}],"author":[{"embeddable":true,"href":"https:\/\/www.corumbaonline.com.br\/news\/wp-json\/wp\/v2\/users\/1"}],"replies":[{"embeddable":true,"href":"https:\/\/www.corumbaonline.com.br\/news\/wp-json\/wp\/v2\/comments?post=30293"}],"version-history":[{"count":1,"href":"https:\/\/www.corumbaonline.com.br\/news\/wp-json\/wp\/v2\/posts\/30293\/revisions"}],"predecessor-version":[{"id":30295,"href":"https:\/\/www.corumbaonline.com.br\/news\/wp-json\/wp\/v2\/posts\/30293\/revisions\/30295"}],"wp:featuredmedia":[{"embeddable":true,"href":"https:\/\/www.corumbaonline.com.br\/news\/wp-json\/wp\/v2\/media\/30294"}],"wp:attachment":[{"href":"https:\/\/www.corumbaonline.com.br\/news\/wp-json\/wp\/v2\/media?parent=30293"}],"wp:term":[{"taxonomy":"category","embeddable":true,"href":"https:\/\/www.corumbaonline.com.br\/news\/wp-json\/wp\/v2\/categories?post=30293"},{"taxonomy":"post_tag","embeddable":true,"href":"https:\/\/www.corumbaonline.com.br\/news\/wp-json\/wp\/v2\/tags?post=30293"}],"curies":[{"name":"wp","href":"https:\/\/api.w.org\/{rel}","templated":true}]}}