{"id":30318,"date":"2019-04-25T11:46:39","date_gmt":"2019-04-25T15:46:39","guid":{"rendered":"http:\/\/www.corumbaonline.com.br\/news\/?p=30318"},"modified":"2019-04-25T12:42:41","modified_gmt":"2019-04-25T16:42:41","slug":"deputado-marcelo-ramos-presidira-comissao-especial-da-previdencia","status":"publish","type":"post","link":"https:\/\/www.corumbaonline.com.br\/news\/deputado-marcelo-ramos-presidira-comissao-especial-da-previdencia\/","title":{"rendered":"Deputado Marcelo Ramos presidir\u00e1 comiss\u00e3o especial da Previd\u00eancia"},"content":{"rendered":"<p>O presidente da comiss\u00e3o especial da C\u00e2mara dos Deputados que vai analisar o m\u00e9rito da proposta da reforma da Previd\u00eancia ser\u00e1 o deputado Marcelo Ramos (PR-AM). A relatoria caber\u00e1 ao deputado Samuel Moreira (PSDB-SP).\u00a0<a href=\"http:\/\/agenciabrasil.ebc.com.br\/politica\/noticia\/2019-04\/camara-cria-comissao-especial-para-discutir-reforma-da-previdencia\" target=\"_blank\" rel=\"noopener noreferrer\">A C\u00e2mara vai instalar hoje (25) a comiss\u00e3o especial<\/a>.<\/p>\n<p>O an\u00fancio foi feito nesta quinta-feira (25) pelo presidente da C\u00e2mara, Rodrigo Maia (DEM-RJ), ap\u00f3s reuni\u00e3o com l\u00edderes de partidos governistas e com o secret\u00e1rio especial de Previd\u00eancia e Trabalho do Minist\u00e9rio da Economia, Rog\u00e9rio Marinho, que apresentou aos parlamentares os dados desagregados que embasaram a proposta enviada pelo governo federal ao Congresso.<\/p>\n<div class=\"dnd-widget-wrapper context-cheio_8colunas type-image\">\n<div class=\"dnd-atom-rendered\">\n<figure class=\"mejs-fotoh-wrapper\">\n<p><figure style=\"width: 754px\" class=\"wp-caption alignnone\"><img loading=\"lazy\" decoding=\"async\" class=\"img-responsive full full\" title=\"Pablo Valadares\/C\u00e2mara dos Deputados\" src=\"http:\/\/imagens.ebc.com.br\/Mv0DL2ZgHrDq7tIQKttmh-3DNb8=\/754x0\/smart\/http:\/\/agenciabrasil.ebc.com.br\/sites\/default\/files\/thumbnails\/image\/img20190423131909013.jpg?itok=_sGlyYYZ\" alt=\"Deputado Marcelo Ramos,presidente da Comiss\u00e3o da Reforma da Previd\u00eancia\" width=\"754\" height=\"503\" \/><figcaption class=\"wp-caption-text\">Deputado Marcelo Ramos presidir\u00e1 comiss\u00e3o especial da C\u00e2mara que analisar\u00e1 o m\u00e9rito da proposta da reforma da Previd\u00eancia (Pablo Valadares\/C\u00e2mara dos Deputados)<\/figcaption><\/figure><\/figure>\n<\/div>\n<\/div>\n<h2>Reuni\u00e3o foi na resid\u00eancia oficial da C\u00e2mara<\/h2>\n<p>\u201cAcho que, com essa constru\u00e7\u00e3o, n\u00f3s come\u00e7amos uma segunda etapa com a certeza que vamos fazer o debate, vamos mostrar aos brasileiros e aos parlamentares que essa reforma vai, sem d\u00favida nenhuma, pedir uma colabora\u00e7\u00e3o dos que ganham mais\u201d, disse Maia, na sa\u00edda da resid\u00eancia oficial da presid\u00eancia da C\u00e2mara, no Lago Sul, em Bras\u00edlia.<\/p>\n<p>Segundo o presidente da C\u00e2mara, os brasileiros que ganham menos ser\u00e3o beneficiados porque n\u00e3o ter\u00e3o \u201cperdas com a reforma\u201d. Para Maia, com a aprova\u00e7\u00e3o da Previd\u00eancia, haver\u00e1 recupera\u00e7\u00e3o da economia com a gera\u00e7\u00e3o de empregos para as pessoas de menor renda.<\/p>\n<p>O colegiado que vai analisar a proposta de emenda \u00e0 Constitui\u00e7\u00e3o da reforma da Previd\u00eancia (PEC 6\/19 ser\u00e1 composto por 49 membros e 49 suplentes.<\/p>\n","protected":false},"excerpt":{"rendered":"<p>O presidente da comiss\u00e3o especial da C\u00e2mara dos Deputados que vai analisar o m\u00e9rito da&#8230;<\/p>\n","protected":false},"author":1,"featured_media":0,"comment_status":"closed","ping_status":"closed","sticky":false,"template":"","format":"standard","meta":{"footnotes":""},"categories":[19],"tags":[],"class_list":["post-30318","post","type-post","status-publish","format-standard","hentry","category-politica"],"_links":{"self":[{"href":"https:\/\/www.corumbaonline.com.br\/news\/wp-json\/wp\/v2\/posts\/30318","targetHints":{"allow":["GET"]}}],"collection":[{"href":"https:\/\/www.corumbaonline.com.br\/news\/wp-json\/wp\/v2\/posts"}],"about":[{"href":"https:\/\/www.corumbaonline.com.br\/news\/wp-json\/wp\/v2\/types\/post"}],"author":[{"embeddable":true,"href":"https:\/\/www.corumbaonline.com.br\/news\/wp-json\/wp\/v2\/users\/1"}],"replies":[{"embeddable":true,"href":"https:\/\/www.corumbaonline.com.br\/news\/wp-json\/wp\/v2\/comments?post=30318"}],"version-history":[{"count":1,"href":"https:\/\/www.corumbaonline.com.br\/news\/wp-json\/wp\/v2\/posts\/30318\/revisions"}],"predecessor-version":[{"id":30319,"href":"https:\/\/www.corumbaonline.com.br\/news\/wp-json\/wp\/v2\/posts\/30318\/revisions\/30319"}],"wp:attachment":[{"href":"https:\/\/www.corumbaonline.com.br\/news\/wp-json\/wp\/v2\/media?parent=30318"}],"wp:term":[{"taxonomy":"category","embeddable":true,"href":"https:\/\/www.corumbaonline.com.br\/news\/wp-json\/wp\/v2\/categories?post=30318"},{"taxonomy":"post_tag","embeddable":true,"href":"https:\/\/www.corumbaonline.com.br\/news\/wp-json\/wp\/v2\/tags?post=30318"}],"curies":[{"name":"wp","href":"https:\/\/api.w.org\/{rel}","templated":true}]}}