{"id":30324,"date":"2019-04-25T16:00:10","date_gmt":"2019-04-25T20:00:10","guid":{"rendered":"http:\/\/www.corumbaonline.com.br\/news\/?p=30324"},"modified":"2019-04-25T16:19:20","modified_gmt":"2019-04-25T20:19:20","slug":"secretario-diz-que-reforma-nao-vai-zerar-o-deficit-da-previdencia","status":"publish","type":"post","link":"https:\/\/www.corumbaonline.com.br\/news\/secretario-diz-que-reforma-nao-vai-zerar-o-deficit-da-previdencia\/","title":{"rendered":"Secret\u00e1rio diz que reforma n\u00e3o vai zerar o d\u00e9ficit da Previd\u00eancia"},"content":{"rendered":"<p>O secret\u00e1rio de Previd\u00eancia, Leonardo Rolim, disse hoje (25), que a proposta de reforma da Previd\u00eancia n\u00e3o vai zerar o d\u00e9ficit da Previd\u00eancia Social,\u00a0<a href=\"http:\/\/agenciabrasil.ebc.com.br\/economia\/noticia\/2019-04\/reforma-vai-gerar-economia-de-r-1236-trilhao-em-10-anos-diz-governo\" target=\"_blank\" rel=\"noopener noreferrer\">apesar do impacto de R$ 1,236 trilh\u00e3o de economia<\/a>, em 10 anos, se for aprovada como enviada pelo governo.<\/p>\n<p>Segundo Rolim, deve haver uma pequena redu\u00e7\u00e3o no d\u00e9ficit inicialmente, mas depois voltar\u00e1 a crescer, \u201cmas em patamares bem menores do que o atual\u201d.<\/p>\n<p>Rolim disse que o governo editou medida provis\u00f3ria para melhorar a gest\u00e3o da Previd\u00eancia e reduzir as fraudes. \u201cN\u00e3o h\u00e1 perspectivas de zerar o d\u00e9ficit \u00fanica e exclusivamente com a PEC [Proposta de Emenda \u00e0 Constitui\u00e7\u00e3o]\u201d, disse, ao apresentar os c\u00e1lculos do impacto da reforma.<\/p>\n<p>De acordo com o Minist\u00e9rio da Economia, a Previd\u00eancia Social registrou d\u00e9ficit de R$ 195,2 bilh\u00f5es em 2018, um aumento de 7% em rela\u00e7\u00e3o a 2017. A despesa com benef\u00edcios cresceu 5,2% e fechou o ano em R$ 586,4 bilh\u00f5es. A arrecada\u00e7\u00e3o, por sua vez, subiu 4,4%, somando R$ 391,2 bilh\u00f5es.<\/p>\n","protected":false},"excerpt":{"rendered":"<p>O secret\u00e1rio de Previd\u00eancia, Leonardo Rolim, disse hoje (25), que a proposta de reforma da&#8230;<\/p>\n","protected":false},"author":1,"featured_media":0,"comment_status":"closed","ping_status":"closed","sticky":false,"template":"","format":"standard","meta":{"footnotes":""},"categories":[9],"tags":[],"class_list":["post-30324","post","type-post","status-publish","format-standard","hentry","category-economia"],"_links":{"self":[{"href":"https:\/\/www.corumbaonline.com.br\/news\/wp-json\/wp\/v2\/posts\/30324","targetHints":{"allow":["GET"]}}],"collection":[{"href":"https:\/\/www.corumbaonline.com.br\/news\/wp-json\/wp\/v2\/posts"}],"about":[{"href":"https:\/\/www.corumbaonline.com.br\/news\/wp-json\/wp\/v2\/types\/post"}],"author":[{"embeddable":true,"href":"https:\/\/www.corumbaonline.com.br\/news\/wp-json\/wp\/v2\/users\/1"}],"replies":[{"embeddable":true,"href":"https:\/\/www.corumbaonline.com.br\/news\/wp-json\/wp\/v2\/comments?post=30324"}],"version-history":[{"count":1,"href":"https:\/\/www.corumbaonline.com.br\/news\/wp-json\/wp\/v2\/posts\/30324\/revisions"}],"predecessor-version":[{"id":30325,"href":"https:\/\/www.corumbaonline.com.br\/news\/wp-json\/wp\/v2\/posts\/30324\/revisions\/30325"}],"wp:attachment":[{"href":"https:\/\/www.corumbaonline.com.br\/news\/wp-json\/wp\/v2\/media?parent=30324"}],"wp:term":[{"taxonomy":"category","embeddable":true,"href":"https:\/\/www.corumbaonline.com.br\/news\/wp-json\/wp\/v2\/categories?post=30324"},{"taxonomy":"post_tag","embeddable":true,"href":"https:\/\/www.corumbaonline.com.br\/news\/wp-json\/wp\/v2\/tags?post=30324"}],"curies":[{"name":"wp","href":"https:\/\/api.w.org\/{rel}","templated":true}]}}