{"id":30340,"date":"2019-04-26T09:12:16","date_gmt":"2019-04-26T13:12:16","guid":{"rendered":"http:\/\/www.corumbaonline.com.br\/news\/?p=30340"},"modified":"2019-04-26T11:10:08","modified_gmt":"2019-04-26T15:10:08","slug":"analisando-49","status":"publish","type":"post","link":"https:\/\/www.corumbaonline.com.br\/news\/analisando-49\/","title":{"rendered":"Analisando&#8230;"},"content":{"rendered":"<p><strong>Previd\u00eancia <\/strong><\/p>\n<p>Esta semana o jogo come\u00e7ou pra valer. A CCJ aprovou o relat\u00f3rio do projeto de Lei da nova previd\u00eancia. Apesar de muito barulho da oposi\u00e7\u00e3o, o governo passou o rolo compressor por cima. Foram 44 votos a favor. O que intriga \u00e9 que dias antes os lideres do PSL admitiam que o governo n\u00e3o tinha votos para a aprova\u00e7\u00e3o. Corre pelos corredores da C\u00e2mara que houve muita \u201cconversa ao p\u00e9 do ouvido\u201d dos ministros Onix e Santos Cruz com os deputados do centr\u00e3o. Eles negam, mas foi \u00e0 volta do toma l\u00e1 da c\u00e1.<\/p>\n<p><strong>Mour\u00e3o<\/strong><\/p>\n<p>Continua a guerra intermin\u00e1vel entre o Vice Presidente Mour\u00e3o e CARLUXO, filho do presidente, apelidado de 02. E esta briga tem o tempero do astr\u00f3logo Olavo de Carvalho. A cada momento no twitter do presidente, Carluxo solta um torpedo pra cima do Mour\u00e3o, que n\u00e3o deixa por menos. Em recente entrevista a Pedro Bial, o General Etchegoyen, ex-chefe do SNI, resumiu o estilo de Mour\u00e3o: muito inteligente e altamente detalhista!!! Acho que Carluxo est\u00e1 brincando com fogo!<\/p>\n<p><strong>Reajuste<\/strong><\/p>\n<p>Continuando sua pol\u00edtica de cortes de gastos e enxugamento da maquina, o Governador Azambuja conseguiu aprovar na Assembl\u00e9ia a retirada do abono dos servidores estaduais e n\u00e3o deve dar aumento neste ano aos mesmos. Tamb\u00e9m implementou o PDV no executivo estadual. A \u00fanica coisa que ele n\u00e3o explica e porque n\u00e3o pediu para os deputados congelarem seu sal\u00e1rio. No final do ano passado o governador teve seu sal\u00e1rio aumentado a partir de 1 de janeiro, assim como dos seus secret\u00e1rios em media 33%. Queria entender esta matem\u00e1tica do governo.<\/p>\n<p><strong>Estado em Corumb\u00e1<\/strong><\/p>\n<p>Depois de prometer maternidade, hospital novo, entre outras coisas, passados 4 anos, o Governador ainda n\u00e3o inaugurou nada no munic\u00edpio. A culpa e sempre da tal da \u201cburocracia\u201d. Tudo que o governador veio inaugurar pertencia ao Governo Federal. Enquanto isso a Sanesul continua fazendo um trabalho ruim pela cidade sem fiscaliza\u00e7\u00e3o, as escolas estaduais est\u00e3o caindo pelas tabelas, sem reformas descentes h\u00e1 pelo menos 8 anos. O atendimento no Detran \u00e9 de p\u00e9ssima qualidade, filas intermin\u00e1veis, e agora os servidores locais s\u00e3o meros batedores de foto para que a decis\u00e3o seja tomada por algu\u00e9m na capital, se o carro esta aprovado em vistoria ou n\u00e3o. A Agehab \u00e9 um cabide de empregos, e n\u00e3o cumpre sua fun\u00e7\u00e3o de fiscalizar as casas do conjunto padre Ernesto, aonde j\u00e1 existem mais com\u00e9rcios que moradias e muitas casas j\u00e1 foram vendidas. Lament\u00e1vel!!!<\/p>\n<p><strong>Progressistas<\/strong><\/p>\n<p>O deputado Evander Vendramini esteve em Bras\u00edlia esta semana aonde participou da reuni\u00e3o da executiva nacional dos progressistas. O deputado que hoje \u00e9 a maior lideran\u00e7a do partido no MS, esteve acompanhado do vereador Cazuza de Campo Grande. Tudo indica que o parlamentar \u00e9 forte candidato para assumir o comando do partido no Estado. Estaria em \u00f3timas m\u00e3os, j\u00e1 que o parlamentar j\u00e1 demonstrou que \u00e9 um bom administrador, e com certeza ira oxigenar o partido.<\/p>\n<p><strong>Hemocentro<\/strong><\/p>\n<p>Ainda falando do trabalho do Deputado Evander Vendramini, ele tamb\u00e9m est\u00e1 de olho nos p\u00e9ssimos servi\u00e7os prestados pelo governo do Estado em Corumb\u00e1 e na regi\u00e3o. Logo o mesmo cobrou esta semana o retorno do Hemocentro de Corumb\u00e1 que esta desativado h\u00e1 mais de 03 anos. O governo alegou que n\u00e3o h\u00e1 doadores na regi\u00e3o para manter um hemocentro, e hoje todo sangue para doa\u00e7\u00e3o em Corumb\u00e1 e regi\u00e3o vem de fora. Mas logo em Corumb\u00e1, cidade de caracter\u00edstica hospitaleira e solidaria n\u00e3o h\u00e1 doadores? Conta outra&#8230; muito bem deputado!<\/p>\n<p><strong>Sa\u00fade<\/strong><\/p>\n<p>Quem tamb\u00e9m esta se movimentando e muito \u00e9 o vereador Chic\u00e3o Vianna. O vereador esta semana pediu apoio da bancada para que seja doada a Secretaria de Sa\u00fade de Corumb\u00e1 um helic\u00f3ptero, para atender a regi\u00e3o ribeirinha em caso de atendimento. Este servi\u00e7o e prestado hoje pela Marinha localizada em Lad\u00e1rio, por\u00e9m, por vezes a aeronave n\u00e3o esta presente devido a opera\u00e7\u00f5es na fronteira o que deixa descoberto a regi\u00e3o. Com o pedido Chic\u00e3o quer manter o servi\u00e7o permanente. Parab\u00e9ns!<\/p>\n","protected":false},"excerpt":{"rendered":"<p>Previd\u00eancia Esta semana o jogo come\u00e7ou pra valer. A CCJ aprovou o relat\u00f3rio do projeto&#8230;<\/p>\n","protected":false},"author":6,"featured_media":0,"comment_status":"closed","ping_status":"closed","sticky":false,"template":"","format":"standard","meta":{"footnotes":""},"categories":[3],"tags":[],"class_list":["post-30340","post","type-post","status-publish","format-standard","hentry","category-artigo"],"_links":{"self":[{"href":"https:\/\/www.corumbaonline.com.br\/news\/wp-json\/wp\/v2\/posts\/30340","targetHints":{"allow":["GET"]}}],"collection":[{"href":"https:\/\/www.corumbaonline.com.br\/news\/wp-json\/wp\/v2\/posts"}],"about":[{"href":"https:\/\/www.corumbaonline.com.br\/news\/wp-json\/wp\/v2\/types\/post"}],"author":[{"embeddable":true,"href":"https:\/\/www.corumbaonline.com.br\/news\/wp-json\/wp\/v2\/users\/6"}],"replies":[{"embeddable":true,"href":"https:\/\/www.corumbaonline.com.br\/news\/wp-json\/wp\/v2\/comments?post=30340"}],"version-history":[{"count":1,"href":"https:\/\/www.corumbaonline.com.br\/news\/wp-json\/wp\/v2\/posts\/30340\/revisions"}],"predecessor-version":[{"id":30341,"href":"https:\/\/www.corumbaonline.com.br\/news\/wp-json\/wp\/v2\/posts\/30340\/revisions\/30341"}],"wp:attachment":[{"href":"https:\/\/www.corumbaonline.com.br\/news\/wp-json\/wp\/v2\/media?parent=30340"}],"wp:term":[{"taxonomy":"category","embeddable":true,"href":"https:\/\/www.corumbaonline.com.br\/news\/wp-json\/wp\/v2\/categories?post=30340"},{"taxonomy":"post_tag","embeddable":true,"href":"https:\/\/www.corumbaonline.com.br\/news\/wp-json\/wp\/v2\/tags?post=30340"}],"curies":[{"name":"wp","href":"https:\/\/api.w.org\/{rel}","templated":true}]}}