{"id":30353,"date":"2019-04-26T10:25:37","date_gmt":"2019-04-26T14:25:37","guid":{"rendered":"http:\/\/www.corumbaonline.com.br\/news\/?p=30353"},"modified":"2019-04-26T11:32:58","modified_gmt":"2019-04-26T15:32:58","slug":"na-camara-vereador-propoe-criacao-de-biblioteca-virtual-em-corumba","status":"publish","type":"post","link":"https:\/\/www.corumbaonline.com.br\/news\/na-camara-vereador-propoe-criacao-de-biblioteca-virtual-em-corumba\/","title":{"rendered":"Na C\u00e2mara, vereador prop\u00f5e cria\u00e7\u00e3o de biblioteca virtual em Corumb\u00e1"},"content":{"rendered":"<p><span style=\"color: #000000;\">A cria\u00e7\u00e3o da Biblioteca Virtual em Corumb\u00e1 foi proposta esta semana pelo vereador Luciano Costa, voltada a estudantes e ao p\u00fablico em geral. A inten\u00e7\u00e3o \u00e9 criar um banco de dados online com livros did\u00e1ticos e paradid\u00e1ticos para consultas.<\/span><\/p>\n<p><span style=\"color: #000000;\">A proposta de Luciano foi apresentada por meio de um Projeto de Lei que autoriza o Poder Executivo a criar esta ferramenta, utilizando-se os meios proporcionados pela Internet.<\/span><\/p>\n<p><span style=\"color: #000000;\">\u201cBibliotecas virtuais est\u00e3o crescendo no Brasil. Muitas cidades brasileiras j\u00e1 implantaram o sistema e o nosso pensamento \u00e9 fazer o mesmo aqui em Corumb\u00e1, para incentivar e promover o gosto pela leitura, al\u00e9m de disponibilizar uma ferramenta importante para pesquisas, principalmente para os estudantes\u201d, comentou.<\/span><\/p>\n<p><span style=\"color: #000000;\">Luciano destaca ainda que a ferramenta ser\u00e1 uma grande aliada da educa\u00e7\u00e3o, al\u00e9m de importante canal para que todos tenham acesso \u00e0 informa\u00e7\u00e3o de forma mais r\u00e1pida e simples.<\/span><\/p>\n<p><span style=\"color: #000000;\">O Projeto de Lei apresentado pelo vereador prev\u00ea que a Biblioteca Virtual ser\u00e1 disponibilizada \u00e0 comunidade de uma forma geral, funcionando durante hor\u00e1rio que possibilite ao estudante e \u00e0 popula\u00e7\u00e3o, realizar consultas online conforme crit\u00e9rios e normas de utiliza\u00e7\u00e3o que ser\u00e3o estabelecidas pelo Poder Executivo Municipal.<\/span><\/p>\n","protected":false},"excerpt":{"rendered":"<p>A cria\u00e7\u00e3o da Biblioteca Virtual em Corumb\u00e1 foi proposta esta semana pelo vereador Luciano Costa,&#8230;<\/p>\n","protected":false},"author":1,"featured_media":30354,"comment_status":"closed","ping_status":"closed","sticky":false,"template":"","format":"standard","meta":{"footnotes":""},"categories":[19],"tags":[],"class_list":["post-30353","post","type-post","status-publish","format-standard","has-post-thumbnail","hentry","category-politica"],"_links":{"self":[{"href":"https:\/\/www.corumbaonline.com.br\/news\/wp-json\/wp\/v2\/posts\/30353","targetHints":{"allow":["GET"]}}],"collection":[{"href":"https:\/\/www.corumbaonline.com.br\/news\/wp-json\/wp\/v2\/posts"}],"about":[{"href":"https:\/\/www.corumbaonline.com.br\/news\/wp-json\/wp\/v2\/types\/post"}],"author":[{"embeddable":true,"href":"https:\/\/www.corumbaonline.com.br\/news\/wp-json\/wp\/v2\/users\/1"}],"replies":[{"embeddable":true,"href":"https:\/\/www.corumbaonline.com.br\/news\/wp-json\/wp\/v2\/comments?post=30353"}],"version-history":[{"count":1,"href":"https:\/\/www.corumbaonline.com.br\/news\/wp-json\/wp\/v2\/posts\/30353\/revisions"}],"predecessor-version":[{"id":30355,"href":"https:\/\/www.corumbaonline.com.br\/news\/wp-json\/wp\/v2\/posts\/30353\/revisions\/30355"}],"wp:featuredmedia":[{"embeddable":true,"href":"https:\/\/www.corumbaonline.com.br\/news\/wp-json\/wp\/v2\/media\/30354"}],"wp:attachment":[{"href":"https:\/\/www.corumbaonline.com.br\/news\/wp-json\/wp\/v2\/media?parent=30353"}],"wp:term":[{"taxonomy":"category","embeddable":true,"href":"https:\/\/www.corumbaonline.com.br\/news\/wp-json\/wp\/v2\/categories?post=30353"},{"taxonomy":"post_tag","embeddable":true,"href":"https:\/\/www.corumbaonline.com.br\/news\/wp-json\/wp\/v2\/tags?post=30353"}],"curies":[{"name":"wp","href":"https:\/\/api.w.org\/{rel}","templated":true}]}}