{"id":30365,"date":"2019-04-26T11:13:45","date_gmt":"2019-04-26T15:13:45","guid":{"rendered":"http:\/\/www.corumbaonline.com.br\/news\/?p=30365"},"modified":"2019-04-26T12:41:53","modified_gmt":"2019-04-26T16:41:53","slug":"intencao-de-consumo-das-familias-cai-pelo-segundo-mes-consecutivo","status":"publish","type":"post","link":"https:\/\/www.corumbaonline.com.br\/news\/intencao-de-consumo-das-familias-cai-pelo-segundo-mes-consecutivo\/","title":{"rendered":"Inten\u00e7\u00e3o de consumo das fam\u00edlias cai pelo segundo m\u00eas consecutivo"},"content":{"rendered":"<p>Pelo segundo m\u00eas consecutivo, a Inten\u00e7\u00e3o de Consumo das Fam\u00edlias (ICF) registrou queda. Este m\u00eas, o \u00edndice medido pela Confedera\u00e7\u00e3o Nacional do Com\u00e9rcio caiu 1,9%. Em mar\u00e7o, ele j\u00e1 havia recuado em 0,4%.<\/p>\n<p>O estudo divulgado hoje (26) apontou varia\u00e7\u00e3o negativa em todos os sub\u00edndices do indicador. A \u00faltima vez que isso aconteceu foi ap\u00f3s a greve dos caminhoneiros, em julho do ano passado.<\/p>\n<p>O desemprego, a taxa de juros e a recupera\u00e7\u00e3o lenta da economia mostram, para o presidente da CNC, Jos\u00e9 Roberto Tadros, que as fam\u00edlias brasileiras est\u00e3o, no momento, com maior cautela para consumir.<\/p>\n<p>\u201cO pa\u00eds passa por uma fase de mudan\u00e7as e ajustes. A aprova\u00e7\u00e3o da reforma da Previd\u00eancia, nos pr\u00f3ximos meses, pode trazer um alento para a economia brasileira\u201d, acredita Tadros.<\/p>\n<p>A Regi\u00e3o Sudeste registrou a maior queda de inten\u00e7\u00e3o de consumo, 3,2%. Enquanto, o Nordeste teve o menor \u00edndice, 1,7%.<\/p>\n<p>A pesquisa da CNC considera como zona de satisfa\u00e7\u00e3o resultados acima dos 100 pontos. Em abril, o \u00edndice nacional foi de 96,2 pontos. Desde abril de 2015, quando marcou 102,9 pontos, o IFC n\u00e3o ultrapassa essa marca.<\/p>\n<p>A inten\u00e7\u00e3o de consumo das fam\u00edlias do Sul (102,7 pontos) e do Norte (100,3) est\u00e3o na zona de satisfa\u00e7\u00e3o. Enquanto Sudeste e Centro-Oeste est\u00e3o no mesmo padr\u00e3o de insatisfa\u00e7\u00e3o (94,7 pontos), seguido pelo Nordeste (96,2 pontos).<\/p>\n","protected":false},"excerpt":{"rendered":"<p>Pelo segundo m\u00eas consecutivo, a Inten\u00e7\u00e3o de Consumo das Fam\u00edlias (ICF) registrou queda. Este m\u00eas,&#8230;<\/p>\n","protected":false},"author":1,"featured_media":0,"comment_status":"closed","ping_status":"closed","sticky":false,"template":"","format":"standard","meta":{"footnotes":""},"categories":[9],"tags":[],"class_list":["post-30365","post","type-post","status-publish","format-standard","hentry","category-economia"],"_links":{"self":[{"href":"https:\/\/www.corumbaonline.com.br\/news\/wp-json\/wp\/v2\/posts\/30365","targetHints":{"allow":["GET"]}}],"collection":[{"href":"https:\/\/www.corumbaonline.com.br\/news\/wp-json\/wp\/v2\/posts"}],"about":[{"href":"https:\/\/www.corumbaonline.com.br\/news\/wp-json\/wp\/v2\/types\/post"}],"author":[{"embeddable":true,"href":"https:\/\/www.corumbaonline.com.br\/news\/wp-json\/wp\/v2\/users\/1"}],"replies":[{"embeddable":true,"href":"https:\/\/www.corumbaonline.com.br\/news\/wp-json\/wp\/v2\/comments?post=30365"}],"version-history":[{"count":1,"href":"https:\/\/www.corumbaonline.com.br\/news\/wp-json\/wp\/v2\/posts\/30365\/revisions"}],"predecessor-version":[{"id":30366,"href":"https:\/\/www.corumbaonline.com.br\/news\/wp-json\/wp\/v2\/posts\/30365\/revisions\/30366"}],"wp:attachment":[{"href":"https:\/\/www.corumbaonline.com.br\/news\/wp-json\/wp\/v2\/media?parent=30365"}],"wp:term":[{"taxonomy":"category","embeddable":true,"href":"https:\/\/www.corumbaonline.com.br\/news\/wp-json\/wp\/v2\/categories?post=30365"},{"taxonomy":"post_tag","embeddable":true,"href":"https:\/\/www.corumbaonline.com.br\/news\/wp-json\/wp\/v2\/tags?post=30365"}],"curies":[{"name":"wp","href":"https:\/\/api.w.org\/{rel}","templated":true}]}}