{"id":30384,"date":"2019-04-29T09:37:35","date_gmt":"2019-04-29T13:37:35","guid":{"rendered":"http:\/\/www.corumbaonline.com.br\/news\/?p=30384"},"modified":"2019-04-29T11:01:01","modified_gmt":"2019-04-29T15:01:01","slug":"pesquisa-diz-que-inflacao-do-aluguel-e-de-864-em-12-meses","status":"publish","type":"post","link":"https:\/\/www.corumbaonline.com.br\/news\/pesquisa-diz-que-inflacao-do-aluguel-e-de-864-em-12-meses\/","title":{"rendered":"Pesquisa diz que infla\u00e7\u00e3o do aluguel \u00e9 de 8,64% em 12 meses"},"content":{"rendered":"<p>O \u00cdndice Geral de Pre\u00e7os\u2013Mercado (IGP-M), usado no reajuste dos contratos de aluguel, registrou infla\u00e7\u00e3o de 0,92% em abril, percentual inferior ao observado em mar\u00e7o (1,26%).<\/p>\n<p>Segundo informou hoje (29), no Rio de Janeiro, a Funda\u00e7\u00e3o Getulio Vargas (FGV), o IGP-M acumula infla\u00e7\u00e3o de 3,1% no ano e de 8,64% nos \u00faltimos 12 meses.<\/p>\n<p>A queda da taxa de mar\u00e7o para abril foi provocada pelos pre\u00e7os no atacado. A infla\u00e7\u00e3o do \u00cdndice de Pre\u00e7os ao Produtor Amplo, que mede o atacado, recuou de 1,67% em mar\u00e7o para 1,07% em abril.<\/p>\n<p>Ao mesmo tempo, o varejo e a constru\u00e7\u00e3o tiveram alta em suas taxas. O \u00cdndice de Pre\u00e7os ao Consumidor, que mede o varejo, subiu de 0,58% em mar\u00e7o para 0,69% em abril. O \u00cdndice Nacional de Custo da Constru\u00e7\u00e3o (INCC) passou de 0,19% para 0,49% no per\u00edodo.<\/p>\n","protected":false},"excerpt":{"rendered":"<p>O \u00cdndice Geral de Pre\u00e7os\u2013Mercado (IGP-M), usado no reajuste dos contratos de aluguel, registrou infla\u00e7\u00e3o&#8230;<\/p>\n","protected":false},"author":1,"featured_media":0,"comment_status":"closed","ping_status":"closed","sticky":false,"template":"","format":"standard","meta":{"footnotes":""},"categories":[9],"tags":[],"class_list":["post-30384","post","type-post","status-publish","format-standard","hentry","category-economia"],"_links":{"self":[{"href":"https:\/\/www.corumbaonline.com.br\/news\/wp-json\/wp\/v2\/posts\/30384","targetHints":{"allow":["GET"]}}],"collection":[{"href":"https:\/\/www.corumbaonline.com.br\/news\/wp-json\/wp\/v2\/posts"}],"about":[{"href":"https:\/\/www.corumbaonline.com.br\/news\/wp-json\/wp\/v2\/types\/post"}],"author":[{"embeddable":true,"href":"https:\/\/www.corumbaonline.com.br\/news\/wp-json\/wp\/v2\/users\/1"}],"replies":[{"embeddable":true,"href":"https:\/\/www.corumbaonline.com.br\/news\/wp-json\/wp\/v2\/comments?post=30384"}],"version-history":[{"count":1,"href":"https:\/\/www.corumbaonline.com.br\/news\/wp-json\/wp\/v2\/posts\/30384\/revisions"}],"predecessor-version":[{"id":30385,"href":"https:\/\/www.corumbaonline.com.br\/news\/wp-json\/wp\/v2\/posts\/30384\/revisions\/30385"}],"wp:attachment":[{"href":"https:\/\/www.corumbaonline.com.br\/news\/wp-json\/wp\/v2\/media?parent=30384"}],"wp:term":[{"taxonomy":"category","embeddable":true,"href":"https:\/\/www.corumbaonline.com.br\/news\/wp-json\/wp\/v2\/categories?post=30384"},{"taxonomy":"post_tag","embeddable":true,"href":"https:\/\/www.corumbaonline.com.br\/news\/wp-json\/wp\/v2\/tags?post=30384"}],"curies":[{"name":"wp","href":"https:\/\/api.w.org\/{rel}","templated":true}]}}