{"id":30402,"date":"2019-04-29T16:40:27","date_gmt":"2019-04-29T20:40:27","guid":{"rendered":"http:\/\/www.corumbaonline.com.br\/news\/?p=30402"},"modified":"2019-04-29T16:54:16","modified_gmt":"2019-04-29T20:54:16","slug":"vereador-pede-unidade-de-saude-para-atender-novos-residenciais-na-parte-alta","status":"publish","type":"post","link":"https:\/\/www.corumbaonline.com.br\/news\/vereador-pede-unidade-de-saude-para-atender-novos-residenciais-na-parte-alta\/","title":{"rendered":"Vereador pede unidade de sa\u00fade para atender novos residenciais na parte alta"},"content":{"rendered":"<p><span style=\"color: #000000;\">O crescimento populacional da regi\u00e3o sul de Corumb\u00e1 com o surgimento de novos residenciais, levou o vereador Chic\u00e3o Vianna a solicitar \u00e0 Prefeitura, estudos no sentido de viabilizar a constru\u00e7\u00e3o de uma nova unidade de sa\u00fade para atender a demanda local.<\/span><\/p>\n<p><span style=\"color: #000000;\">\u201cNos \u00faltimos anos, a Prefeitura entregou o Corumbella II e os conjuntos Flamboyant I, II e III. S\u00e3o mais de mil fam\u00edlias residindo nesses novos empreendimentos habitacionais e o crescimento populacional aumenta a demanda por servi\u00e7os p\u00fablicos, principalmente em rela\u00e7\u00e3o \u00e0 sa\u00fade. Por isso estamos pedindo uma nova unidade para atender as necessidades dos novos moradores\u201d, explicou.<\/span><\/p>\n<p><span style=\"color: #000000;\">O pedido de Chic\u00e3o foi direcionado ao prefeito Marcelo Iunes e ao secret\u00e1rio de Sa\u00fade, Rog\u00e9rio dos Santos Leite. \u201cSabemos que as unidades atendem a popula\u00e7\u00e3o por zonas, ficando cada uma respons\u00e1vel pelo atendimento de sua respectiva \u00e1rea de abrang\u00eancia, e os novos moradores est\u00e3o encontrando dificuldades no atendimento, justamente porque n\u00e3o fazem parte dessa \u00e1rea\u201d, continuou.<\/span><\/p>\n<p><span style=\"color: #000000;\">O vereador observou que as fam\u00edlias do Flamboyant e do Corumbella II, principalmente, n\u00e3o sabem quais s\u00e3o as unidades respons\u00e1veis pelo atendimento. \u201cEsta situa\u00e7\u00e3o est\u00e1 deixando os moradores daquela regi\u00e3o \u00e0 merc\u00ea da pr\u00f3pria sorte, inclusive com atendimento negado pelo fato de n\u00e3o fazerem parte daquela \u00e1rea de abrang\u00eancia. A \u00fanica alternativa \u00e9 construir um novo posto de sa\u00fade para atender a popula\u00e7\u00e3o dos residenciais localizados \u00e0s margens do anel vi\u00e1rio\u201d, completou.<\/span><\/p>\n","protected":false},"excerpt":{"rendered":"<p>O crescimento populacional da regi\u00e3o sul de Corumb\u00e1 com o surgimento de novos residenciais, levou&#8230;<\/p>\n","protected":false},"author":1,"featured_media":30403,"comment_status":"closed","ping_status":"closed","sticky":false,"template":"","format":"standard","meta":{"footnotes":""},"categories":[19],"tags":[],"class_list":["post-30402","post","type-post","status-publish","format-standard","has-post-thumbnail","hentry","category-politica"],"_links":{"self":[{"href":"https:\/\/www.corumbaonline.com.br\/news\/wp-json\/wp\/v2\/posts\/30402","targetHints":{"allow":["GET"]}}],"collection":[{"href":"https:\/\/www.corumbaonline.com.br\/news\/wp-json\/wp\/v2\/posts"}],"about":[{"href":"https:\/\/www.corumbaonline.com.br\/news\/wp-json\/wp\/v2\/types\/post"}],"author":[{"embeddable":true,"href":"https:\/\/www.corumbaonline.com.br\/news\/wp-json\/wp\/v2\/users\/1"}],"replies":[{"embeddable":true,"href":"https:\/\/www.corumbaonline.com.br\/news\/wp-json\/wp\/v2\/comments?post=30402"}],"version-history":[{"count":1,"href":"https:\/\/www.corumbaonline.com.br\/news\/wp-json\/wp\/v2\/posts\/30402\/revisions"}],"predecessor-version":[{"id":30404,"href":"https:\/\/www.corumbaonline.com.br\/news\/wp-json\/wp\/v2\/posts\/30402\/revisions\/30404"}],"wp:featuredmedia":[{"embeddable":true,"href":"https:\/\/www.corumbaonline.com.br\/news\/wp-json\/wp\/v2\/media\/30403"}],"wp:attachment":[{"href":"https:\/\/www.corumbaonline.com.br\/news\/wp-json\/wp\/v2\/media?parent=30402"}],"wp:term":[{"taxonomy":"category","embeddable":true,"href":"https:\/\/www.corumbaonline.com.br\/news\/wp-json\/wp\/v2\/categories?post=30402"},{"taxonomy":"post_tag","embeddable":true,"href":"https:\/\/www.corumbaonline.com.br\/news\/wp-json\/wp\/v2\/tags?post=30402"}],"curies":[{"name":"wp","href":"https:\/\/api.w.org\/{rel}","templated":true}]}}