{"id":3062,"date":"2017-04-12T14:00:35","date_gmt":"2017-04-12T18:00:35","guid":{"rendered":"http:\/\/www.corumbaonline.com.br\/news\/?p=3062"},"modified":"2017-04-12T12:31:15","modified_gmt":"2017-04-12T16:31:15","slug":"prf-inicia-operacao-semana-santa-nesta-quinta-feira","status":"publish","type":"post","link":"https:\/\/www.corumbaonline.com.br\/news\/prf-inicia-operacao-semana-santa-nesta-quinta-feira\/","title":{"rendered":"PRF inicia Opera\u00e7\u00e3o Semana Santa nesta quinta-feira"},"content":{"rendered":"<div>A Pol\u00edcia Rodovi\u00e1ria Federal (PRF) come\u00e7a nesta quinta-feira (13) a Opera\u00e7\u00e3o Semana Santa com refor\u00e7o do policiamento nas rodovias federais do Pa\u00eds. As a\u00e7\u00f5es do \u00d3rg\u00e3o ter\u00e3o in\u00edcio \u00e0s 00h da quinta-feira (13) e v\u00e3o at\u00e9 \u00e0s 23h59 de domingo (16). Durante este per\u00edodo, policiais rodovi\u00e1rios federais refor\u00e7ar\u00e3o a fiscaliza\u00e7\u00e3o nos trechos com maiores \u00edndices de acidentes e crimes, de acordo com estat\u00edsticas do \u00d3rg\u00e3o. Na mesma opera\u00e7\u00e3o, em 2016, a PRF registrou uma redu\u00e7\u00e3o de 18% no \u00edndice de \u00f3bitos e de 44% no \u00edndice de acidentes graves em rodovias federais, em rela\u00e7\u00e3o ao mesmo per\u00edodo em 2015 ( comparativo nacional)<\/div>\n<div><\/div>\n<div>A opera\u00e7\u00e3o visa, al\u00e9m da diminui\u00e7\u00e3o do n\u00famero e letalidade dos acidentes, garantir seguran\u00e7a e fluidez do tr\u00e2nsito aos usu\u00e1rios das rodovias federais e contar\u00e1 com atividades para diminuir a incid\u00eancia de acidentes relacionados ao excesso de velocidade, \u00e0 alcoolemia ao volante, ao uso inadequado do cinto de seguran\u00e7a e \u00e0s ultrapassagens indevidas. Tamb\u00e9m ser\u00e3o realizadas a\u00e7\u00f5es operacionais direcionadas para o combate \u00e0 criminalidade.<\/div>\n<div><\/div>\n<div>Os planejamentos para as a\u00e7\u00f5es da PRF fazem parte da D\u00e9cada de A\u00e7\u00e3o pela Seguran\u00e7a no Tr\u00e2nsito \u00a02011 \u2013 20202, lan\u00e7ada pela Organiza\u00e7\u00e3o das Na\u00e7\u00f5es Unidas (ONU) e que o Brasil se comprometeu a adotar medidas para reduzir a viol\u00eancia no tr\u00e2nsito. O Brasil, assim como os demais pa\u00edses signat\u00e1rios das medidas da ONU, estipulou uma meta de redu\u00e7\u00e3o de 50% das mortes no tr\u00e2nsito na d\u00e9cada 2011-2020.<\/div>\n<div><\/div>\n<div>O planejamento das a\u00e7\u00f5es da PRF nesta Opera\u00e7\u00e3o Semana Santa levaram em considera\u00e7\u00e3o a an\u00e1lise de dados estat\u00edsticos com foco no comportamento dos motoristas e nas caracter\u00edsticas dos acidentes graves, ou seja, acidentes que resultem em v\u00edtima fatal ou v\u00edtimas ferida gravemente. A an\u00e1lise permitir\u00e1 a otimiza\u00e7\u00e3o dos recursos humanos e materiais da institui\u00e7\u00e3o, focando a fiscaliza\u00e7\u00e3o em pontos e hor\u00e1rios cr\u00edticos para coibir comportamentos de risco como: <b>ultrapassagens indevidas, excesso de velocidade e a mistura fatal de \u00e1lcool e dire\u00e7\u00e3o.<\/b><\/div>\n<div><\/div>\n<div>Fiscaliza\u00e7\u00e3o \u2013 Durante os quatro dias de opera\u00e7\u00e3o, a PRF far\u00e1 fiscaliza\u00e7\u00f5es de motocicletas, com foco nas infra\u00e7\u00f5es que potencializam a ocorr\u00eancia de acidentes e sua gravidade como uso e regularidade do capacete, equipamentos obrigat\u00f3rios, sistema de ilumina\u00e7\u00e3o e habilita\u00e7\u00e3o.<\/div>\n<div><\/div>\n<div>Policiais rodovi\u00e1rios federais tamb\u00e9m refor\u00e7ar\u00e3o as fiscaliza\u00e7\u00f5es de ultrapassagens for\u00e7adas ou proibidas, al\u00e9m de conferir se os motoristas est\u00e3o utilizando o cinto de seguran\u00e7a e os dispositivos adequados para o transporte seguro de crian\u00e7as.<\/div>\n<div><\/div>\n<div>Educa\u00e7\u00e3o para o tr\u00e2nsito \u2013 Al\u00e9m do patrulhamento ostensivo, a PRF tamb\u00e9m promover\u00e1 a\u00e7\u00f5es educativas buscando sensibilizar motoristas e passageiros de seus pap\u00e9is na constru\u00e7\u00e3o de um tr\u00e2nsito mais seguro. Em alguns postos, o condutor ser\u00e1 convidado a assistir a v\u00eddeos que mostram comportamentos inadequados no tr\u00e2nsito e as consequ\u00eancias dessas condutas. Os motoristas t\u00eam a oportunidade de fazer uma reflex\u00e3o sobre suas atitudes e assimilar novos h\u00e1bitos.<\/div>\n<div><\/div>\n<div>No Mato Grosso do Sul as fiscaliza\u00e7\u00f5es ser\u00e3o realizadas prioritariamente em rondas ostensivas, com fiscaliza\u00e7\u00f5es volantes em turnos de 24horas ininterruptos. Policiais trabalhar\u00e3o em escala diferenciada para garantir aumento das fiscaliza\u00e7\u00f5es, inclusive com emprego de Policiais Rodovi\u00e1rios Federais que exercem atividades administrativas. Todas 22 (vinte e duas) Unidades Operacionais da PRF em \u00a0Mato Grosso do Sul realizar\u00e3o fiscaliza\u00e7\u00f5es com radares fotogr\u00e1ficos, etil\u00f4metros (baf\u00f4metros), patrulhamentos e abordagens, inclusive educativas, nos mais de 3670 (tr\u00eas mil seiscentos e setenta) quil\u00f4metros de rodovias federais no Mato Grosso do Sul.<\/div>\n<div><\/div>\n<div>Emerg\u00eancias nas rodovias federais devem ser informadas \u00e0 PRF atrav\u00e9s do telefone de emerg\u00eancia 191, cuja liga\u00e7\u00e3o \u00e9 gratuita e pode ser realizada em todo pa\u00eds.<\/div>\n<div><\/div>\n<div><b>Restri\u00e7\u00e3o de tr\u00e1fego<\/b> \u2013 A PRF restringiu o tr\u00e1fego de alguns tipos de combina\u00e7\u00f5es de ve\u00edculos, em raz\u00e3o da seguran\u00e7a para os demais ve\u00edculos em momentos de ultrapassagens, j\u00e1 que, dificultam estas manobras. Assim, o tr\u00e1fego de Combina\u00e7\u00f5es de Ve\u00edculos de Cargas (CVC), portadores de Autoriza\u00e7\u00e3o Especial de Tr\u00e2nsito (AET), de Combina\u00e7\u00f5es de Transporte de Ve\u00edculos (CTV) e Combina\u00e7\u00f5es de Transporte de Ve\u00edculos e Cargas Paletizadas (CTVP), portando ou n\u00e3o a AET, bem como o tr\u00e2nsito dos demais ve\u00edculos portadores de AET ser\u00e1 restrito nos trechos de pista simples em determinados dias e hor\u00e1rios.<\/div>\n<div><\/div>\n<div>A restri\u00e7\u00e3o visa aumentar a fluidez do tr\u00e2nsito nas rodovias de pista simples, maior parte da malha vi\u00e1ria nacional. Nos dias e hor\u00e1rios de maior movimento, esses ve\u00edculos n\u00e3o poder\u00e3o transitar. Essa restri\u00e7\u00e3o n\u00e3o ser\u00e1 aplicada nos estados de Acre, Amazonas, Roraima e Rond\u00f4nia.<\/div>\n<div><\/div>\n<div>Dicas de tr\u00e2nsito \u2013 A PRF recomenda algumas condutas para a realiza\u00e7\u00e3o de uma viagem segura:<\/div>\n<div><\/div>\n<div><b>&#8211; Lembre-se que os far\u00f3is ligados s\u00e3o obrigat\u00f3rios em rodovias, durante o dia e a noite;<\/b><\/div>\n<div><b>\u00a0<\/b><\/div>\n<div><b>&#8211; Fa\u00e7a uma revis\u00e3o atenta no ve\u00edculo antes de viajar. Verifique principalmente pneus (inclusive o estepe), palhetas dos limpadores de para-brisa e itens de ilumina\u00e7\u00e3o e sinaliza\u00e7\u00e3o;<\/b><\/div>\n<div><b>\u00a0<\/b><\/div>\n<div><b>&#8211; Planeje a viagem, lembre-se de programar paradas em locais adequados para alimenta\u00e7\u00e3o, abastecimento e descanso;<\/b><\/div>\n<div><b>\u00a0<\/b><\/div>\n<div><b>&#8211; Mantenha a aten\u00e7\u00e3o na rodovia;<\/b><\/div>\n<div><b>\u00a0<\/b><\/div>\n<div><b>&#8211; Respeite a sinaliza\u00e7\u00e3o e os limites de velocidade, eles existem para proteger a sua vida;<\/b><\/div>\n<div><b>\u00a0<\/b><\/div>\n<div><b>&#8211; N\u00e3o ligue o pisca alerta com o ve\u00edculo em movimento. Isso pode confundir os outros motoristas e causar um acidente;<\/b><\/div>\n<div><b>\u00a0<\/b><\/div>\n<div><b>&#8211; Aumente a dist\u00e2ncia do ve\u00edculo \u00e0 frente e diminua a velocidade.<\/b><\/div>\n","protected":false},"excerpt":{"rendered":"<p>A Pol\u00edcia Rodovi\u00e1ria Federal (PRF) come\u00e7a nesta quinta-feira (13) a Opera\u00e7\u00e3o Semana Santa com refor\u00e7o&#8230;<\/p>\n","protected":false},"author":1,"featured_media":3063,"comment_status":"closed","ping_status":"closed","sticky":false,"template":"","format":"standard","meta":{"footnotes":""},"categories":[8,18],"tags":[],"class_list":["post-3062","post","type-post","status-publish","format-standard","has-post-thumbnail","hentry","category-destaque","category-seguranca"],"_links":{"self":[{"href":"https:\/\/www.corumbaonline.com.br\/news\/wp-json\/wp\/v2\/posts\/3062","targetHints":{"allow":["GET"]}}],"collection":[{"href":"https:\/\/www.corumbaonline.com.br\/news\/wp-json\/wp\/v2\/posts"}],"about":[{"href":"https:\/\/www.corumbaonline.com.br\/news\/wp-json\/wp\/v2\/types\/post"}],"author":[{"embeddable":true,"href":"https:\/\/www.corumbaonline.com.br\/news\/wp-json\/wp\/v2\/users\/1"}],"replies":[{"embeddable":true,"href":"https:\/\/www.corumbaonline.com.br\/news\/wp-json\/wp\/v2\/comments?post=3062"}],"version-history":[{"count":1,"href":"https:\/\/www.corumbaonline.com.br\/news\/wp-json\/wp\/v2\/posts\/3062\/revisions"}],"predecessor-version":[{"id":3064,"href":"https:\/\/www.corumbaonline.com.br\/news\/wp-json\/wp\/v2\/posts\/3062\/revisions\/3064"}],"wp:featuredmedia":[{"embeddable":true,"href":"https:\/\/www.corumbaonline.com.br\/news\/wp-json\/wp\/v2\/media\/3063"}],"wp:attachment":[{"href":"https:\/\/www.corumbaonline.com.br\/news\/wp-json\/wp\/v2\/media?parent=3062"}],"wp:term":[{"taxonomy":"category","embeddable":true,"href":"https:\/\/www.corumbaonline.com.br\/news\/wp-json\/wp\/v2\/categories?post=3062"},{"taxonomy":"post_tag","embeddable":true,"href":"https:\/\/www.corumbaonline.com.br\/news\/wp-json\/wp\/v2\/tags?post=3062"}],"curies":[{"name":"wp","href":"https:\/\/api.w.org\/{rel}","templated":true}]}}