{"id":30682,"date":"2019-05-09T08:33:23","date_gmt":"2019-05-09T12:33:23","guid":{"rendered":"http:\/\/www.corumbaonline.com.br\/news\/?p=30682"},"modified":"2019-05-09T09:11:33","modified_gmt":"2019-05-09T13:11:33","slug":"eua-divulgam-nota-sobre-aumento-de-tarifas-em-importacoes-da-china","status":"publish","type":"post","link":"https:\/\/www.corumbaonline.com.br\/news\/eua-divulgam-nota-sobre-aumento-de-tarifas-em-importacoes-da-china\/","title":{"rendered":"EUA divulgam nota sobre aumento de tarifas em importa\u00e7\u00f5es da China"},"content":{"rendered":"<p>O Escrit\u00f3rio do Representante do Com\u00e9rcio dos Estados Unidos (EUA) divulgou comunicado a respeito da decis\u00e3o de Washington de elevar tarifas sobre o equivalente a US$ 200 bilh\u00f5es em importa\u00e7\u00f5es da China.<\/p>\n<p>No documento, publicado no\u00a0<em>Di\u00e1rio Oficial<\/em>americano, o \u00f3rg\u00e3o diz que as tarifas ser\u00e3o elevadas de 10% para 25% na sexta-feira.<\/p>\n<div class=\"dnd-widget-wrapper context-cheio_8colunas type-image\">\n<div class=\"dnd-atom-rendered\">\n<figure class=\"mejs-fotoh-wrapper\">\n<p><figure style=\"width: 754px\" class=\"wp-caption alignnone\"><img loading=\"lazy\" decoding=\"async\" class=\"img-responsive full full\" title=\"Ana Cristina Campos\/Ag\u00eancia Brasil\" src=\"http:\/\/imagens.ebc.com.br\/GR6dJPX6VLyUmVtWbhl2qRcIVoA=\/754x0\/smart\/http:\/\/agenciabrasil.ebc.com.br\/sites\/default\/files\/atoms\/image\/made_in_china_1.jpg?itok=xbEMB9fA\" alt=\"Galeria de lojas na cidade chinesa de Ywu (Ana Cristina Campos\/Ag\u00eancia Brasil)\" width=\"754\" height=\"566\" \/><figcaption class=\"wp-caption-text\">Galeria de lojas na cidade chinesa de Ywu (Ana Cristina Campos\/Ag\u00eancia Brasil)<\/figcaption><\/figure><\/figure>\n<\/div>\n<\/div>\n<p>Ap\u00f3s c\u00fapula bilateral, em dezembro do ano passado, os Estados Unidos haviam suspendido o aumento temporariamente, e funcion\u00e1rios governamentais americanos e chineses t\u00eam mantido conversa\u00e7\u00f5es para tentar acabar com a guerra comercial.<\/p>\n<p>O an\u00fancio ocorreu enquanto os dois lados se preparam para nova rodada de negocia\u00e7\u00f5es a partir desta quinta-feira (9), em Washington.<\/p>\n<p>O representante do Com\u00e9rcio dos Estados Unidos, Robert Lighthizer, acusa a China de negligenciar compromissos anteriores.<\/p>\n<p>J\u00e1 o Minist\u00e9rio do Com\u00e9rcio da China reagiu veementemente ao an\u00fancio dos Estados Unidos. Disse que a escalada das tens\u00f5es comerciais n\u00e3o ser\u00e1 ben\u00e9fica para as pessoas dos dois pa\u00edses, nem para as que se encontram em outras partes do mundo. O minist\u00e9rio amea\u00e7a adotar o que chama de contramedidas, caso o lado americano eleve de fato as tarifas.<\/p>\n","protected":false},"excerpt":{"rendered":"<p>O Escrit\u00f3rio do Representante do Com\u00e9rcio dos Estados Unidos (EUA) divulgou comunicado a respeito da&#8230;<\/p>\n","protected":false},"author":1,"featured_media":0,"comment_status":"closed","ping_status":"closed","sticky":false,"template":"","format":"standard","meta":{"footnotes":""},"categories":[15],"tags":[],"class_list":["post-30682","post","type-post","status-publish","format-standard","hentry","category-internacional"],"_links":{"self":[{"href":"https:\/\/www.corumbaonline.com.br\/news\/wp-json\/wp\/v2\/posts\/30682","targetHints":{"allow":["GET"]}}],"collection":[{"href":"https:\/\/www.corumbaonline.com.br\/news\/wp-json\/wp\/v2\/posts"}],"about":[{"href":"https:\/\/www.corumbaonline.com.br\/news\/wp-json\/wp\/v2\/types\/post"}],"author":[{"embeddable":true,"href":"https:\/\/www.corumbaonline.com.br\/news\/wp-json\/wp\/v2\/users\/1"}],"replies":[{"embeddable":true,"href":"https:\/\/www.corumbaonline.com.br\/news\/wp-json\/wp\/v2\/comments?post=30682"}],"version-history":[{"count":1,"href":"https:\/\/www.corumbaonline.com.br\/news\/wp-json\/wp\/v2\/posts\/30682\/revisions"}],"predecessor-version":[{"id":30684,"href":"https:\/\/www.corumbaonline.com.br\/news\/wp-json\/wp\/v2\/posts\/30682\/revisions\/30684"}],"wp:attachment":[{"href":"https:\/\/www.corumbaonline.com.br\/news\/wp-json\/wp\/v2\/media?parent=30682"}],"wp:term":[{"taxonomy":"category","embeddable":true,"href":"https:\/\/www.corumbaonline.com.br\/news\/wp-json\/wp\/v2\/categories?post=30682"},{"taxonomy":"post_tag","embeddable":true,"href":"https:\/\/www.corumbaonline.com.br\/news\/wp-json\/wp\/v2\/tags?post=30682"}],"curies":[{"name":"wp","href":"https:\/\/api.w.org\/{rel}","templated":true}]}}