{"id":3071,"date":"2017-04-12T14:43:24","date_gmt":"2017-04-12T18:43:24","guid":{"rendered":"http:\/\/www.corumbaonline.com.br\/news\/?p=3071"},"modified":"2017-04-12T12:48:11","modified_gmt":"2017-04-12T16:48:11","slug":"concurso-alms-avaliacao-de-cotistas-e-concluida-e-sera-referencia-nacional","status":"publish","type":"post","link":"https:\/\/www.corumbaonline.com.br\/news\/concurso-alms-avaliacao-de-cotistas-e-concluida-e-sera-referencia-nacional\/","title":{"rendered":"Concurso ALMS: Avalia\u00e7\u00e3o de cotistas \u00e9 conclu\u00edda e ser\u00e1 refer\u00eancia nacional"},"content":{"rendered":"<p>A avalia\u00e7\u00e3o dos cotistas aprovados por meio da reserva de vagas no I Concurso P\u00fablico de Provas e T\u00edtulos para o Provimento de Cargos na Assembleia Legislativa (ALMS) ser\u00e1 conclu\u00edda nesta quarta-feira (12\/04) e se tornar\u00e1 refer\u00eancia nacional, segundo informou o presidente da Casa de Leis, Junior Mochi (PMDB). Ele explicou que a metodologia adotada foi elogiada pela Funda\u00e7\u00e3o Carlos Chagas (FCC), que realizou o certame. &#8220;A Assembleia tem inovado e a pr\u00f3pria Funda\u00e7\u00e3o nos disse que o exemplo utilizado por n\u00f3s ser\u00e1 implantado por eles nos pr\u00f3ximos concursos realizados por todo o Brasil&#8221;, disse.<\/p>\n<p>A ALMS estabeleceu cotas por cargos e fun\u00e7\u00f5es e os candidatos aprovados tiveram que se apresentar a grupos de avalia\u00e7\u00e3o. &#8220;As comiss\u00f5es t\u00eam representantes do segmento afrodescendente, do segmento ind\u00edgena e do segmento das pessoas com defici\u00eancia, para que seja certificado que os cidad\u00e3os aprovados por meio da reserva de vagas efetivamente perten\u00e7am \u00e0quela parcela da sociedade, conforme declararam ao se inscrever ao concurso&#8221;, afirmou Mochi. Ele reiterou que as \u00faltimas entrevistas ser\u00e3o realizadas esta tarde, com a emiss\u00e3o dos laudos conclusivos, por parte das comiss\u00f5es. &#8220;Esta \u00e9 a \u00faltima etapa do nosso concurso e agora poderemos homolog\u00e1-lo e, n\u00e3o havendo questionamentos, teremos condi\u00e7\u00e3o ent\u00e3o de fazer a chamada dos aprovados&#8221;, completou.<\/p>\n<p>A avalia\u00e7\u00e3o multiprofissional dos candidatos deficientes habilitados ser\u00e1 conclu\u00edda hoje no Centro de Sa\u00fade, das 14h \u00e0s 15h30, independentemente do cargo pleiteado pelo candidato. Dever\u00e1 ser apresentado Laudo M\u00e9dico (original ou c\u00f3pia autenticada) expedido no prazo de at\u00e9 12 meses anteriores \u00e0 referida avalia\u00e7\u00e3o, atestando a esp\u00e9cie e o grau ou n\u00edvel de defici\u00eancia com expressa refer\u00eancia ao c\u00f3digo correspondente da Classifica\u00e7\u00e3o Internacional de Doen\u00e7a (CID), a prov\u00e1vel causa da defici\u00eancia, contendo a assinatura e o carimbo do n\u00famero do Conselho Regional de Medicina (CRM) do m\u00e9dico respons\u00e1vel por sua emiss\u00e3o. Tamb\u00e9m precisam se apresentados os exames necess\u00e1rios para comprova\u00e7\u00e3o da defici\u00eancia declarada.<\/p>\n<p>Ser\u00e1 eliminado da lista de candidatos com defici\u00eancia aquele que n\u00e3o comparecer \u00e0 avalia\u00e7\u00e3o ou cuja defici\u00eancia assinalada no Formul\u00e1rio de Inscri\u00e7\u00e3o n\u00e3o for constatada na forma da Conven\u00e7\u00e3o sobre os Direitos da Pessoa com Defici\u00eancia da Organiza\u00e7\u00e3o das Na\u00e7\u00f5es Unidas (Decreto Legislativo 186\/2008 e Decreto 6.949\/2009) e demais normas legais. Recursos dever\u00e3o ser interpostos no prazo de dois dias \u00fateis ap\u00f3s a divulga\u00e7\u00e3o do resultado, a partir do primeiro dia \u00fatil subsequente \u00e0 data do referido evento, diretamente no site da <ins><a href=\"http:\/\/www.concursosfcc.com.br\/concursos\/alems116\/index.html\" target=\"_blank\">Funda\u00e7\u00e3o Carlos Chagas<\/a><\/ins>. As entrevistas dos candidatos aprovados nas reservas de vagas para negros e ind\u00edgenas foram realizadas nos dias 10 e 11 de abril. Saiba mais <ins><a href=\"http:\/\/www.al.ms.gov.br\/Default.aspx?Tabid=56&amp;ItemID=52103\" target=\"_blank\">aqui<\/a><\/ins>.<\/p>\n","protected":false},"excerpt":{"rendered":"<p>A avalia\u00e7\u00e3o dos cotistas aprovados por meio da reserva de vagas no I Concurso P\u00fablico&#8230;<\/p>\n","protected":false},"author":1,"featured_media":0,"comment_status":"closed","ping_status":"closed","sticky":false,"template":"","format":"standard","meta":{"footnotes":""},"categories":[19],"tags":[],"class_list":["post-3071","post","type-post","status-publish","format-standard","hentry","category-politica"],"_links":{"self":[{"href":"https:\/\/www.corumbaonline.com.br\/news\/wp-json\/wp\/v2\/posts\/3071","targetHints":{"allow":["GET"]}}],"collection":[{"href":"https:\/\/www.corumbaonline.com.br\/news\/wp-json\/wp\/v2\/posts"}],"about":[{"href":"https:\/\/www.corumbaonline.com.br\/news\/wp-json\/wp\/v2\/types\/post"}],"author":[{"embeddable":true,"href":"https:\/\/www.corumbaonline.com.br\/news\/wp-json\/wp\/v2\/users\/1"}],"replies":[{"embeddable":true,"href":"https:\/\/www.corumbaonline.com.br\/news\/wp-json\/wp\/v2\/comments?post=3071"}],"version-history":[{"count":1,"href":"https:\/\/www.corumbaonline.com.br\/news\/wp-json\/wp\/v2\/posts\/3071\/revisions"}],"predecessor-version":[{"id":3072,"href":"https:\/\/www.corumbaonline.com.br\/news\/wp-json\/wp\/v2\/posts\/3071\/revisions\/3072"}],"wp:attachment":[{"href":"https:\/\/www.corumbaonline.com.br\/news\/wp-json\/wp\/v2\/media?parent=3071"}],"wp:term":[{"taxonomy":"category","embeddable":true,"href":"https:\/\/www.corumbaonline.com.br\/news\/wp-json\/wp\/v2\/categories?post=3071"},{"taxonomy":"post_tag","embeddable":true,"href":"https:\/\/www.corumbaonline.com.br\/news\/wp-json\/wp\/v2\/tags?post=3071"}],"curies":[{"name":"wp","href":"https:\/\/api.w.org\/{rel}","templated":true}]}}