{"id":30717,"date":"2019-05-10T08:35:00","date_gmt":"2019-05-10T12:35:00","guid":{"rendered":"http:\/\/www.corumbaonline.com.br\/news\/?p=30717"},"modified":"2019-05-10T09:31:53","modified_gmt":"2019-05-10T13:31:53","slug":"corrida-de-aventura-abre-semana-do-meio-ambiente-em-corumba","status":"publish","type":"post","link":"https:\/\/www.corumbaonline.com.br\/news\/corrida-de-aventura-abre-semana-do-meio-ambiente-em-corumba\/","title":{"rendered":"Corrida de Aventura abre Semana do Meio Ambiente em Corumb\u00e1"},"content":{"rendered":"<p>Como todos os anos, a Prefeitura Municipal por meio da Funda\u00e7\u00e3o de Meio Ambiente do Pantanal (FMAP) realiza a Semana do Meio Ambiente&nbsp;em nosso Munic\u00edpio, no per\u00edodo de 02 a 07 de junho, juntamente com os seus parceiros habituais, para marcar o Dia 05 de Junho, data em que comemoramos o Dia Mundial do Meio Ambiente. Este ano o tema escolhido foi: \u201cCorumb\u00e1 Conservando o Meio Ambiente\u201d. A programa\u00e7\u00e3o durante toda a Semana ser\u00e1 bem ampla, entre os destaques:<\/p>\n<p>Dia 02 de Junho &#8211; III Corrida de Aventura do Parque Piraputangas &#8211; a partir das 07h30`, com largada \u00e0s 08 horas. O Parque Natural Municipal de Piraputangas, criado em 2003 e situado na morraria da forma\u00e7\u00e3o Santa Cruz, constitui uma importante \u00e1rea de ref\u00fagio para as esp\u00e9cies da flora e da fauna. Este evento foi criado, pensando em propiciar atividades que aproximem as pessoas do contato com a natureza e estimulem o compromisso do cidad\u00e3o com a conserva\u00e7\u00e3o do meio ambiente.<\/p>\n<p>Este ano ser\u00e3o duas modalidades de competi\u00e7\u00e3o: Trekking: a corrida de trilha ter\u00e1 um trajeto de 10 km dentro do Parque Municipal de Piraputangas, com 100 vagas para atletas do sexo masculino e feminino. Bike: a corrida de bicicleta ter\u00e1 um trajeto de 44 km, iniciando na entrada da Estrada Parque (BR 262, pr\u00f3ximo ao Clube do La\u00e7o) e chegada \u00e0 Sede do Parque Municipal de Piraputangas, com 100 vagas para atletas do sexo masculino e feminino. Ambas as modalidades ter\u00e3o premia\u00e7\u00e3o em dinheiro para os tr\u00eas primeiros colocados de cada sexo.<\/p>\n<p>As inscri\u00e7\u00f5es e os regulamentos das provas est\u00e3o disponibilizados no link:&nbsp;<a href=\"https:\/\/app.kmaisclube.com\/eventos\/hotsiteeventos.aspx?III-Corrida-de-Aventura-do-Parque-das-Piraputangas-Corumba\">https:\/\/app.kmaisclube.com\/eventos\/hotsiteeventos.aspx?III-Corrida-de-Aventura-do-Parque-das-Piraputangas-Corumba<\/a><\/p>\n<p>Dia 03 de junho \u2013 \u00e0s 09 horas, Solenidade de Abertura da Semana, no audit\u00f3rio do Sindicato Rural, com a presen\u00e7a de autoridades, parceiros e convidados, ocasi\u00e3o em que ser\u00e1 assinado e firmado um Convenio entre a Prefeitura e o IFMS sobre a Coleta de Lixo Eletr\u00f4nico. Ap\u00f3s essa solenidade, ser\u00e1 realizada I Ciclo de Palestras, com os temas: \u201cAs Implica\u00e7\u00f5es Ambientais decorrentes do Descarte Inadequado do Lixo Eletr\u00f4nico\u201d e \u201cComo s\u00e3o Reaproveitados os Res\u00edduos Eletr\u00f4nicos\u201d &#8211; carga hor\u00e1ria: 04 horas. Simultaneamente a esse Ciclo de Palestras ocorrer\u00e1 tamb\u00e9m, no mesmo dia, local e hor\u00e1rio, I Col\u00f3quio Socioambiental de Corumb\u00e1.<\/p>\n<p>Continuando, no dia 05 de junho, A FMAP estar\u00e1 com uma tenda na Pra\u00e7a da Independ\u00eancia, das 08 \u00e0s 17 horas, recebendo dos mun\u00edcipes os res\u00edduos eletr\u00f4nicos descritos abaixo, onde destacamos que esse \u00e9 um evento muito importante, pois tirar\u00e1 das ruas, esse tipo de res\u00edduo t\u00e3o nocivo \u00e0 sa\u00fade da popula\u00e7\u00e3o. Poder\u00e3o ser entregues os seguintes materiais colet\u00e1veis: Computador, teclado, mouse, monitores CRT, monitores LCD, cabos de for\u00e7a, impressoras, leitores de c\u00f3digos de barra, aparelhos de DVD, calculadoras, projetores multim\u00eddia, celulares, pilhas, baterias, caixas de som, m\u00e1quinas de cheques. Valendo frisar que outros tipos de res\u00edduos n\u00e3o ser\u00e3o aceitos e nem coletados no local, somente os que aqui est\u00e3o descritos.<\/p>\n<p>No dia 06 de junho haver\u00e1 um festival de Par\u00f3dias na Escola Municipal Bar\u00e3o do Rio Branco, per\u00edodo matutino, com o tema: Corumb\u00e1 Conservando o Meio Ambiente, onde participar\u00e3o somente as Escolas da Rede Municipal de Ensino, com premia\u00e7\u00e3o para a Escola que alcan\u00e7ar o primeiro lugar.<\/p>\n<p>E, finalizando, dia 07 de junho, \u00faltimo dia das festividades dessa Semana, acontecer\u00e1 o I Simp\u00f3sio de Pesca no Pantanal, em parceria com a ACERT (Associa\u00e7\u00e3o dos Empres\u00e1rios do Turismo de Corumb\u00e1), visto ser a pesca uma das principais atividades econ\u00f4micas, sociais e ambientais desenvolvidas no Pantanal Sul-Mato-Grossense, em virtude do apelo ambiental em prol da conserva\u00e7\u00e3o da fauna aqu\u00e1tica e da pesca da regi\u00e3o, o evento se prop\u00f5e a ser um espa\u00e7o para discuss\u00f5es, e informa\u00e7\u00f5es sobre o ordenamento pesqueiro estadual. Ser\u00e1 um evento cient\u00edfico fechado que contar\u00e1 com apenas 100 convidados dentre eles pesquisadores e demais atores sociais ligados \u00e0 pesca no Pantanal. E tem como objetivo oportunizar um di\u00e1logo socioambiental e econ\u00f4mico entre diferentes segmentos relacionados \u00e0 atividade pesqueira.<\/p>\n<p>A diretora-presidente Ana Cl\u00e1udia Boabaid disse que a Programa\u00e7\u00e3o est\u00e1 bem ecl\u00e9tica, elaborada com muito carinho por sua equipe e espera contar com a participa\u00e7\u00e3o e presen\u00e7a da popula\u00e7\u00e3o para o engrandecimento do nosso Bioma Pantanal, at\u00e9 porque Corumb\u00e1 assume um importante papel nesse contexto, porque o Mun\u00edcipio al\u00e9m de ser banhado pelo rio Paraguai, tamb\u00e9m abriga aproximadamente 60% do Pantanal, Bioma considerado pela UNESCO (Organiza\u00e7\u00e3o das Na\u00e7\u00f5es Unidas para a Educa\u00e7\u00e3o, a Ci\u00eancia e a Cultura) \u201cPatrim\u00f4nio Natural Mundial e Reserva da Biosfera\u201d em fun\u00e7\u00e3o de sua import\u00e2ncia e diversidade ecol\u00f3gica, sendo a maior \u00e1rea inund\u00e1vel do planeta e ocupa parte dos estados do Mato Grosso e Mato Grosso do Sul, al\u00e9m de parte dos territ\u00f3rios da Bol\u00edvia e do Paraguai.<\/p>\n","protected":false},"excerpt":{"rendered":"<p>Como todos os anos, a Prefeitura Municipal por meio da Funda\u00e7\u00e3o de Meio Ambiente do&#8230;<\/p>\n","protected":false},"author":1,"featured_media":0,"comment_status":"closed","ping_status":"closed","sticky":false,"template":"","format":"standard","meta":{"footnotes":""},"categories":[11,17],"tags":[],"class_list":["post-30717","post","type-post","status-publish","format-standard","hentry","category-esporte","category-meio-ambiente"],"_links":{"self":[{"href":"https:\/\/www.corumbaonline.com.br\/news\/wp-json\/wp\/v2\/posts\/30717","targetHints":{"allow":["GET"]}}],"collection":[{"href":"https:\/\/www.corumbaonline.com.br\/news\/wp-json\/wp\/v2\/posts"}],"about":[{"href":"https:\/\/www.corumbaonline.com.br\/news\/wp-json\/wp\/v2\/types\/post"}],"author":[{"embeddable":true,"href":"https:\/\/www.corumbaonline.com.br\/news\/wp-json\/wp\/v2\/users\/1"}],"replies":[{"embeddable":true,"href":"https:\/\/www.corumbaonline.com.br\/news\/wp-json\/wp\/v2\/comments?post=30717"}],"version-history":[{"count":2,"href":"https:\/\/www.corumbaonline.com.br\/news\/wp-json\/wp\/v2\/posts\/30717\/revisions"}],"predecessor-version":[{"id":30723,"href":"https:\/\/www.corumbaonline.com.br\/news\/wp-json\/wp\/v2\/posts\/30717\/revisions\/30723"}],"wp:attachment":[{"href":"https:\/\/www.corumbaonline.com.br\/news\/wp-json\/wp\/v2\/media?parent=30717"}],"wp:term":[{"taxonomy":"category","embeddable":true,"href":"https:\/\/www.corumbaonline.com.br\/news\/wp-json\/wp\/v2\/categories?post=30717"},{"taxonomy":"post_tag","embeddable":true,"href":"https:\/\/www.corumbaonline.com.br\/news\/wp-json\/wp\/v2\/tags?post=30717"}],"curies":[{"name":"wp","href":"https:\/\/api.w.org\/{rel}","templated":true}]}}