{"id":30749,"date":"2019-05-10T11:01:33","date_gmt":"2019-05-10T15:01:33","guid":{"rendered":"http:\/\/www.corumbaonline.com.br\/news\/?p=30749"},"modified":"2019-05-10T12:12:06","modified_gmt":"2019-05-10T16:12:06","slug":"corumba-e-ladario-firmam-compromisso-para-implantar-aterro-sanitario","status":"publish","type":"post","link":"https:\/\/www.corumbaonline.com.br\/news\/corumba-e-ladario-firmam-compromisso-para-implantar-aterro-sanitario\/","title":{"rendered":"Corumb\u00e1 e Lad\u00e1rio firmam compromisso para implantar aterro sanit\u00e1rio"},"content":{"rendered":"<p>As prefeituras de Corumb\u00e1 e Lad\u00e1rio, na manh\u00e3 desta sexta-feira, 10 de maio, firmaram o compromisso de institu\u00edrem as Comiss\u00f5es Especiais de acompanhamento para implanta\u00e7\u00e3o do Aterro Sanit\u00e1rio que ser\u00e1 gerido pelo Cons\u00f3rcio P\u00fablico Intermunicipal para Gest\u00e3o Associada de Aterro Sanit\u00e1rio para Tratamento e Destina\u00e7\u00e3o Final Adequada de Res\u00edduos S\u00f3lidos da Regi\u00e3o do Pantanal dos Munic\u00edpios.<\/p>\n<p>O Aterro Sanit\u00e1rio atender\u00e1 as duas cidades e sua implanta\u00e7\u00e3o atende ao disposto na Lei n\u00ba 12.305\/2010, que trata da Politica Nacional de Res\u00edduos S\u00f3lidos e outros regulamentos espec\u00edficos.<\/p>\n<p>Diante disso, o Munic\u00edpio de Corumb\u00e1 dar\u00e1 seguimento aos projetos executivos e a finaliza\u00e7\u00e3o do Termo de Refer\u00eancia visando iniciar os procedimentos licitat\u00f3rios, visto que j\u00e1 foram aprovados pelo FONPLATA, tendo, inclusive disponibilizado recursos para o avan\u00e7o dessas tratativas.<\/p>\n<p>&#8220;Os prefeitos de Corumb\u00e1 e Lad\u00e1rio assumem as inten\u00e7\u00f5es para a constru\u00e7\u00e3o do aterro sanit\u00e1rio que vai atender as duas cidades. A partir do momento que se estabelece um cons\u00f3rcio entre as cidades, \u00e9 necess\u00e1rio constituir uma associa\u00e7\u00e3o p\u00fablica com a participa\u00e7\u00e3o dos dois munic\u00edpios. Com a constitui\u00e7\u00e3o, temos o primeiro passo que \u00e9 a assinatura dessas inten\u00e7\u00f5es para aquisi\u00e7\u00e3o da \u00e1rea e para in\u00edcio dos projetos&#8221;, explicou o procurador-geral do Munic\u00edpio, Alcindo Cardoso do Valle Junior.<\/p>\n<p>O aterro ser\u00e1 constru\u00eddo em Lad\u00e1rio, em uma \u00e1rea de cerca de 70 hectares localizada na regi\u00e3o pr\u00f3xima ao posto fiscal Lampi\u00e3o Aceso. &#8220;Formalizamos os procedimentos para darmos o pr\u00f3ximo passo, que considero importante, que \u00e9 a desapropria\u00e7\u00e3o do espa\u00e7o onde ser\u00e1 constru\u00eddo o aterro sanit\u00e1rio. A desapropria\u00e7\u00e3o \u00e9 responsabilidade de Lad\u00e1rio. Ap\u00f3s concretizarmos a desapropria\u00e7\u00e3o, Corumb\u00e1 inicia o processo de licita\u00e7\u00e3o para definir a empresa que vai construir o aterro sanit\u00e1rio&#8221;, disse o prefeito ladarense Iranil Soares.<\/p>\n<p>&#8220;Sa\u00edmos daqui com as condi\u00e7\u00f5es para que Lad\u00e1rio d\u00ea entrada ao processo de desapropria\u00e7\u00e3o da \u00e1rea. Temos o aval do Fonplata, que tamb\u00e9m vai ter a participa\u00e7\u00e3o no projeto e j\u00e1 come\u00e7amos a desenhar a constru\u00e7\u00e3o do aterro. Seremos pioneiros no estado&#8221;, afirmou Marcelo Iunes.<\/p>\n<p>Participaram da reuni\u00e3o al\u00e9m dos Prefeitos, o Secret\u00e1rio Municipal de Governo de Corumb\u00e1, C\u00e1ssio Augusto da Costa Marques; L\u00edgia Urdan, Superintendente de Obras P\u00fablicas do Munic\u00edpio de Corumb\u00e1; Alcindo Cardoso do Valle Junior, Procurador-Geral do Munic\u00edpio de Corumb\u00e1; Virg\u00ednia Barros Mello, Procuradora do Munic\u00edpio de Corumb\u00e1; Juliana Gusm\u00e3o, Analista Jur\u00eddico Municipal de Corumb\u00e1; Luiz Eduardo da Costa Urt, Diretor-Presidente da Funda\u00e7\u00e3o de Meio Ambiente e Desenvolvimento Rural do Munic\u00edpio de Lad\u00e1rio; Hedyl Marcos Benzi Filho, Secret\u00e1rio Especial de Fomento; Franklin Gon\u00e7alves Batista, Advogado do Munic\u00edpio de Lad\u00e1rio e Renato Pedraza da Silva, Advogado Geral do Munic\u00edpio de Lad\u00e1rio.<\/p>\n","protected":false},"excerpt":{"rendered":"<p>As prefeituras de Corumb\u00e1 e Lad\u00e1rio, na manh\u00e3 desta sexta-feira, 10 de maio, firmaram o&#8230;<\/p>\n","protected":false},"author":1,"featured_media":30740,"comment_status":"closed","ping_status":"closed","sticky":false,"template":"","format":"standard","meta":{"footnotes":""},"categories":[8,21],"tags":[],"class_list":["post-30749","post","type-post","status-publish","format-standard","has-post-thumbnail","hentry","category-destaque","category-saude"],"_links":{"self":[{"href":"https:\/\/www.corumbaonline.com.br\/news\/wp-json\/wp\/v2\/posts\/30749","targetHints":{"allow":["GET"]}}],"collection":[{"href":"https:\/\/www.corumbaonline.com.br\/news\/wp-json\/wp\/v2\/posts"}],"about":[{"href":"https:\/\/www.corumbaonline.com.br\/news\/wp-json\/wp\/v2\/types\/post"}],"author":[{"embeddable":true,"href":"https:\/\/www.corumbaonline.com.br\/news\/wp-json\/wp\/v2\/users\/1"}],"replies":[{"embeddable":true,"href":"https:\/\/www.corumbaonline.com.br\/news\/wp-json\/wp\/v2\/comments?post=30749"}],"version-history":[{"count":1,"href":"https:\/\/www.corumbaonline.com.br\/news\/wp-json\/wp\/v2\/posts\/30749\/revisions"}],"predecessor-version":[{"id":30750,"href":"https:\/\/www.corumbaonline.com.br\/news\/wp-json\/wp\/v2\/posts\/30749\/revisions\/30750"}],"wp:featuredmedia":[{"embeddable":true,"href":"https:\/\/www.corumbaonline.com.br\/news\/wp-json\/wp\/v2\/media\/30740"}],"wp:attachment":[{"href":"https:\/\/www.corumbaonline.com.br\/news\/wp-json\/wp\/v2\/media?parent=30749"}],"wp:term":[{"taxonomy":"category","embeddable":true,"href":"https:\/\/www.corumbaonline.com.br\/news\/wp-json\/wp\/v2\/categories?post=30749"},{"taxonomy":"post_tag","embeddable":true,"href":"https:\/\/www.corumbaonline.com.br\/news\/wp-json\/wp\/v2\/tags?post=30749"}],"curies":[{"name":"wp","href":"https:\/\/api.w.org\/{rel}","templated":true}]}}