{"id":3090,"date":"2017-04-13T08:25:38","date_gmt":"2017-04-13T12:25:38","guid":{"rendered":"http:\/\/www.corumbaonline.com.br\/news\/?p=3090"},"modified":"2017-04-12T17:16:54","modified_gmt":"2017-04-12T21:16:54","slug":"atividades-marcam-o-dia-nacional-da-luta-pela-educacao-inclusiva","status":"publish","type":"post","link":"https:\/\/www.corumbaonline.com.br\/news\/atividades-marcam-o-dia-nacional-da-luta-pela-educacao-inclusiva\/","title":{"rendered":"Atividades marcam o Dia Nacional da Luta pela Educa\u00e7\u00e3o Inclusiva"},"content":{"rendered":"<p>Nesta quinta-feira, 13 de abril, a Prefeitura de Corumb\u00e1, por meio da Secretaria Municipal de Educa\u00e7\u00e3o, junto ao seu N\u00facleo de Programas de Inclus\u00e3o Escolar e Diversidade, promovem apresenta\u00e7\u00f5es e panfletagens na regi\u00e3o central da cidade, visando promover a inclus\u00e3o social.<\/p>\n<p>&nbsp;<\/p>\n<p>A data estabelecida pelo Sistema Conselhos de Psicologia \u00e9 comemorada desde o ano 2004. Esse projeto \u00e9 piloto e contar\u00e1 com a participa\u00e7\u00e3o de entidades n\u00e3o governamentais e governamentais contando com um p\u00fablico de mais aproximadamente 150 pessoas.<\/p>\n<p>&nbsp;<\/p>\n<p>O evento tem como parceria a Escola Reino do Amor\/APAE, COMPED \u2013 Conselho Municipal da Pessoa com Defici\u00eancia e a PESDPAN \u2013 Instituto de Pessoas com S\u00edndrome de Down do Pantanal.<\/p>\n<p>&nbsp;<\/p>\n<p>As apresenta\u00e7\u00f5es ter\u00e3o in\u00edcio \u00e0s 8 h, com apresenta\u00e7\u00f5es culturais na Pra\u00e7a da Rep\u00fablica, e posteriormente, os participantes far\u00e3o o percurso pela rua Delamare at\u00e9 a Rua Frei Mariano, com panfletagem, finalizando a primeira a\u00e7\u00e3o de conscientiza\u00e7\u00e3o em prol a Educa\u00e7\u00e3o Inclusiva.<\/p>\n","protected":false},"excerpt":{"rendered":"<p>Nesta quinta-feira, 13 de abril, a Prefeitura de Corumb\u00e1, por meio da Secretaria Municipal de&#8230;<\/p>\n","protected":false},"author":1,"featured_media":0,"comment_status":"closed","ping_status":"closed","sticky":false,"template":"","format":"standard","meta":{"footnotes":""},"categories":[10],"tags":[],"class_list":["post-3090","post","type-post","status-publish","format-standard","hentry","category-educacao"],"_links":{"self":[{"href":"https:\/\/www.corumbaonline.com.br\/news\/wp-json\/wp\/v2\/posts\/3090","targetHints":{"allow":["GET"]}}],"collection":[{"href":"https:\/\/www.corumbaonline.com.br\/news\/wp-json\/wp\/v2\/posts"}],"about":[{"href":"https:\/\/www.corumbaonline.com.br\/news\/wp-json\/wp\/v2\/types\/post"}],"author":[{"embeddable":true,"href":"https:\/\/www.corumbaonline.com.br\/news\/wp-json\/wp\/v2\/users\/1"}],"replies":[{"embeddable":true,"href":"https:\/\/www.corumbaonline.com.br\/news\/wp-json\/wp\/v2\/comments?post=3090"}],"version-history":[{"count":1,"href":"https:\/\/www.corumbaonline.com.br\/news\/wp-json\/wp\/v2\/posts\/3090\/revisions"}],"predecessor-version":[{"id":3091,"href":"https:\/\/www.corumbaonline.com.br\/news\/wp-json\/wp\/v2\/posts\/3090\/revisions\/3091"}],"wp:attachment":[{"href":"https:\/\/www.corumbaonline.com.br\/news\/wp-json\/wp\/v2\/media?parent=3090"}],"wp:term":[{"taxonomy":"category","embeddable":true,"href":"https:\/\/www.corumbaonline.com.br\/news\/wp-json\/wp\/v2\/categories?post=3090"},{"taxonomy":"post_tag","embeddable":true,"href":"https:\/\/www.corumbaonline.com.br\/news\/wp-json\/wp\/v2\/tags?post=3090"}],"curies":[{"name":"wp","href":"https:\/\/api.w.org\/{rel}","templated":true}]}}