{"id":3099,"date":"2017-04-13T09:19:33","date_gmt":"2017-04-13T13:19:33","guid":{"rendered":"http:\/\/www.corumbaonline.com.br\/news\/?p=3099"},"modified":"2017-04-13T09:19:33","modified_gmt":"2017-04-13T13:19:33","slug":"investigacao-de-politicos-citados-em-delacoes-pode-durar-ate-5-anos-no-stf","status":"publish","type":"post","link":"https:\/\/www.corumbaonline.com.br\/news\/investigacao-de-politicos-citados-em-delacoes-pode-durar-ate-5-anos-no-stf\/","title":{"rendered":"Investiga\u00e7\u00e3o de pol\u00edticos citados em dela\u00e7\u00f5es pode durar at\u00e9 5 anos no STF"},"content":{"rendered":"<p>Os inqu\u00e9ritos abertos pelo Supremo Tribunal Federal (STF) para investigar pol\u00edticos citados nas dela\u00e7\u00f5es premiadas de ex-executivos da Odebrecht podem levar pelo menos cinco anos e meio para chegar a uma conclus\u00e3o. O tempo \u00e9 estimado pela FGV Direito Rio para que um processo criminal envolvendo autoridades com foro privilegiado seja finalizado.<\/p>\n<p>A estimativa faz parte do levantamento Supremo em N\u00fameros, divulgado anualmente pela institui\u00e7\u00e3o. Al\u00e9m do tempo m\u00e9dio, durante a tramita\u00e7\u00e3o, os processos ainda poder\u00e3o ser paralisados e remetidos para a primeira inst\u00e2ncia do Judici\u00e1rio se os pol\u00edticos envolvidos n\u00e3o se reelegerem e, com isso, perderem o foro privilegiado. A prescri\u00e7\u00e3o dos crimes tamb\u00e9m n\u00e3o est\u00e1 descartada. No caso de investigados maiores de 70 anos, o tempo para a Justi\u00e7a punir os acusados cai pela metade em rela\u00e7\u00e3o \u00e0 pena m\u00e1xima para cada crime.<\/p>\n<p>Os pol\u00edticos citados nas dela\u00e7\u00f5es dos ex-executivos da empreiteira Odebrecht v\u00e3o responder no STF pelos crimes de lavagem de dinheiro, crime eleitoral (caixa 2) e corrup\u00e7\u00e3o ativa e passiva. As pena variam de tr\u00eas a 12 anos de pris\u00e3o.<\/p>\n<p>Com a abertura da investiga\u00e7\u00e3o, os processos devem seguir para a Procuradoria-Geral da Rep\u00fablica (PGR) e para a Pol\u00edcia Federal (PF) para que sejam cumpridas as primeiras dilig\u00eancias contra os citados. Ao longo da investiga\u00e7\u00e3o, pode ser solicitada a quebra dos sigilos telef\u00f4nico e fiscal, al\u00e9m da oitiva dos pr\u00f3prios acusados.<\/p>\n","protected":false},"excerpt":{"rendered":"<p>Os inqu\u00e9ritos abertos pelo Supremo Tribunal Federal (STF) para investigar pol\u00edticos citados nas dela\u00e7\u00f5es premiadas&#8230;<\/p>\n","protected":false},"author":1,"featured_media":0,"comment_status":"closed","ping_status":"closed","sticky":false,"template":"","format":"standard","meta":{"footnotes":""},"categories":[19],"tags":[],"class_list":["post-3099","post","type-post","status-publish","format-standard","hentry","category-politica"],"_links":{"self":[{"href":"https:\/\/www.corumbaonline.com.br\/news\/wp-json\/wp\/v2\/posts\/3099","targetHints":{"allow":["GET"]}}],"collection":[{"href":"https:\/\/www.corumbaonline.com.br\/news\/wp-json\/wp\/v2\/posts"}],"about":[{"href":"https:\/\/www.corumbaonline.com.br\/news\/wp-json\/wp\/v2\/types\/post"}],"author":[{"embeddable":true,"href":"https:\/\/www.corumbaonline.com.br\/news\/wp-json\/wp\/v2\/users\/1"}],"replies":[{"embeddable":true,"href":"https:\/\/www.corumbaonline.com.br\/news\/wp-json\/wp\/v2\/comments?post=3099"}],"version-history":[{"count":1,"href":"https:\/\/www.corumbaonline.com.br\/news\/wp-json\/wp\/v2\/posts\/3099\/revisions"}],"predecessor-version":[{"id":3100,"href":"https:\/\/www.corumbaonline.com.br\/news\/wp-json\/wp\/v2\/posts\/3099\/revisions\/3100"}],"wp:attachment":[{"href":"https:\/\/www.corumbaonline.com.br\/news\/wp-json\/wp\/v2\/media?parent=3099"}],"wp:term":[{"taxonomy":"category","embeddable":true,"href":"https:\/\/www.corumbaonline.com.br\/news\/wp-json\/wp\/v2\/categories?post=3099"},{"taxonomy":"post_tag","embeddable":true,"href":"https:\/\/www.corumbaonline.com.br\/news\/wp-json\/wp\/v2\/tags?post=3099"}],"curies":[{"name":"wp","href":"https:\/\/api.w.org\/{rel}","templated":true}]}}