{"id":31022,"date":"2019-05-17T11:33:06","date_gmt":"2019-05-17T15:33:06","guid":{"rendered":"http:\/\/www.corumbaonline.com.br\/news\/?p=31022"},"modified":"2019-05-17T12:05:48","modified_gmt":"2019-05-17T16:05:48","slug":"tite-convoca-selecao-brasileira-de-futebol-para-a-copa-america","status":"publish","type":"post","link":"https:\/\/www.corumbaonline.com.br\/news\/tite-convoca-selecao-brasileira-de-futebol-para-a-copa-america\/","title":{"rendered":"Tite convoca sele\u00e7\u00e3o brasileira de futebol para a Copa Am\u00e9rica"},"content":{"rendered":"<p>O t\u00e9cnico da sele\u00e7\u00e3o brasileira, Tite (Adenor Leonardo Bacchi) divulgou hoje (17), no Rio de Janeiro, a lista de 23 jogadores para a disputa da Copa Am\u00e9rica Brasil 2019, que ser\u00e1 realizada a partir de junho.<\/p>\n<p>N\u00e3o houve surpresas. Tite manteve 14 jogadores que disputaram a Copa do Mundo da R\u00fassia, em 2018. Entre eles, Neymar, Thiago Silva e Gabriel Jesus. E vai levar jovens como Lucas Paquet\u00e1 e David Neres.<\/p>\n<p>\u201cFoi a lista mais dif\u00edcil que tive de fazer at\u00e9 hoje\u201d, desabafou o treinador.<\/p>\n<div class=\"dnd-widget-wrapper context-cheio_8colunas type-image\">\n<div class=\"dnd-atom-rendered\">\n<figure class=\"mejs-fotov-wrapper\">\n<p><figure style=\"width: 754px\" class=\"wp-caption alignnone\"><img loading=\"lazy\" decoding=\"async\" class=\"img-responsive full full\" title=\"Fernando Fraz\u00e3o\/Ag\u00eancia Brasil\" src=\"http:\/\/imagens.ebc.com.br\/iOo-gf6mli9pWhI3KbIVyVT9Ing=\/754x0\/smart\/http:\/\/agenciabrasil.ebc.com.br\/sites\/default\/files\/thumbnails\/image\/ffraz_abr1405182316_1.jpg?itok=MpeypQHX\" alt=\"O t\u00e9cnico da sele\u00e7\u00e3o brasileira Tite, anuncia os jogadores convocados para disputar a Copa do Mundo da R\u00fassia 2018.\" width=\"754\" height=\"1010\" \/><figcaption class=\"wp-caption-text\">O t\u00e9cnico da sele\u00e7\u00e3o brasileira, Tite, anuncia os jogadores convocados para disputar a Copa Am\u00e9rica (Fernando Fraz\u00e3o\/Ag\u00eancia Brasil)<\/figcaption><\/figure><\/figure>\n<\/div>\n<\/div>\n<p>A sele\u00e7\u00e3o brasileira abre a competi\u00e7\u00e3o, no dia 14 de junho, contra a Bol\u00edvia, no Est\u00e1dio do Morumbi, em S\u00e3o Paulo. At\u00e9 l\u00e1, o time do Brasil far\u00e1 dois amistosos quando, a pedido de Tite, ser\u00e1 usado o VAR (\u00e1rbitro de v\u00eddeo). A lista final deve ser entregue \u00e0 Conmebol at\u00e9 o dia 30 deste m\u00eas.<\/p>\n<p>A Copa Am\u00e9rica ser\u00e1 disputada em cinco cidades-sede: Belo Horizonte, Porto Alegre, Rio de Janeiro, Salvador e S\u00e3o Paulo, com a participa\u00e7\u00e3o de 12 sele\u00e7\u00f5es, sendo dez da Am\u00e9rica do Sul: Brasil, Argentina, Bol\u00edvia, Chile, Col\u00f4mbia, Equador, Paraguai, Peru, Uruguai e Venezuela; e duas convidadas: Catar e Jap\u00e3o. O jogo final ser\u00e1 realizado no Est\u00e1dio do Maracan\u00e3, no Rio de Janeiro<\/p>\n<p>Foram convocados os seguintes jogadores:<\/p>\n<p>Goleiros: Alisson (Liverpool), C\u00e1ssio (Corinthians) e Ederson (Manchester City); defensores: Alex Sandro (Juventus), Daniel Alves (PSG), \u00c9der Milit\u00e3o (Porto), Fagner (Corinthians), Filipe Lu\u00eds (Atl\u00e9tico de Madrid), Marquinhos (PSG), Miranda (Inter de Mil\u00e3o) e Thiago Silva (PSG); meio-campistas: Allan (Napoli), Arthur (Barcelona), Casemiro (Real Madrid), Fernandinho (Manchester City), Lucas Paquet\u00e1 (Milan), Philippe Coutinho (Barcelona); atacantes: David Neres (Ajax), Everton (Gr\u00eamio), Firmino (Liverpool), Gabriel Jesus (Manchester City), Neymar (PSG) e Richarlison (Everton).<\/p>\n","protected":false},"excerpt":{"rendered":"<p>O t\u00e9cnico da sele\u00e7\u00e3o brasileira, Tite (Adenor Leonardo Bacchi) divulgou hoje (17), no Rio de&#8230;<\/p>\n","protected":false},"author":1,"featured_media":0,"comment_status":"closed","ping_status":"closed","sticky":false,"template":"","format":"standard","meta":{"footnotes":""},"categories":[11],"tags":[],"class_list":["post-31022","post","type-post","status-publish","format-standard","hentry","category-esporte"],"_links":{"self":[{"href":"https:\/\/www.corumbaonline.com.br\/news\/wp-json\/wp\/v2\/posts\/31022","targetHints":{"allow":["GET"]}}],"collection":[{"href":"https:\/\/www.corumbaonline.com.br\/news\/wp-json\/wp\/v2\/posts"}],"about":[{"href":"https:\/\/www.corumbaonline.com.br\/news\/wp-json\/wp\/v2\/types\/post"}],"author":[{"embeddable":true,"href":"https:\/\/www.corumbaonline.com.br\/news\/wp-json\/wp\/v2\/users\/1"}],"replies":[{"embeddable":true,"href":"https:\/\/www.corumbaonline.com.br\/news\/wp-json\/wp\/v2\/comments?post=31022"}],"version-history":[{"count":1,"href":"https:\/\/www.corumbaonline.com.br\/news\/wp-json\/wp\/v2\/posts\/31022\/revisions"}],"predecessor-version":[{"id":31023,"href":"https:\/\/www.corumbaonline.com.br\/news\/wp-json\/wp\/v2\/posts\/31022\/revisions\/31023"}],"wp:attachment":[{"href":"https:\/\/www.corumbaonline.com.br\/news\/wp-json\/wp\/v2\/media?parent=31022"}],"wp:term":[{"taxonomy":"category","embeddable":true,"href":"https:\/\/www.corumbaonline.com.br\/news\/wp-json\/wp\/v2\/categories?post=31022"},{"taxonomy":"post_tag","embeddable":true,"href":"https:\/\/www.corumbaonline.com.br\/news\/wp-json\/wp\/v2\/tags?post=31022"}],"curies":[{"name":"wp","href":"https:\/\/api.w.org\/{rel}","templated":true}]}}