{"id":31026,"date":"2019-05-17T11:47:54","date_gmt":"2019-05-17T15:47:54","guid":{"rendered":"http:\/\/www.corumbaonline.com.br\/news\/?p=31026"},"modified":"2019-05-17T12:11:57","modified_gmt":"2019-05-17T16:11:57","slug":"caminhada-pede-fim-do-abuso-e-da-exploracao-sexual-de-criancas-e-adolescentes","status":"publish","type":"post","link":"https:\/\/www.corumbaonline.com.br\/news\/caminhada-pede-fim-do-abuso-e-da-exploracao-sexual-de-criancas-e-adolescentes\/","title":{"rendered":"Caminhada pede fim do abuso e da explora\u00e7\u00e3o sexual de crian\u00e7as e adolescentes"},"content":{"rendered":"<p>Uma grande caminhada pediu o fim do abuso e da explora\u00e7\u00e3o sexual de crian\u00e7as e adolescentes, na manh\u00e3 desta sexta-feira, 17 de maio, em Corumb\u00e1. A passeata, que\u00a0 percorreu as principais ruas da \u00e1rea central \u00a0da cidade, contou com alunos de escolas das redes p\u00fablica e particular de ensino e representantes dos mais variados \u00f3rg\u00e3o da sociedade civil.<\/p>\n<p>A atividade integrou a campanha 18 de Maio \u2013 Enfrentamento ao Abuso e \u00e0 Explora\u00e7\u00e3o Sexual de Crian\u00e7as e Adolescentes. Coordenada pela Secretaria Municipal de Assist\u00eancia Social, a campanha tem como lema \u201cFa\u00e7a bonito, proteja nossas crian\u00e7as e adolescentes\u201d. O objetivo \u00e9 incentivar a sociedade a assumir a responsabilidade do combate \u00e0 viol\u00eancia contra crian\u00e7as e adolescentes.<\/p>\n<p>\u201cEssa caminhada \u00e9 uma forma de chamarmos aten\u00e7\u00e3o da sociedade para esse problema que acontece. Estamos engajados em proteger e lutar pelo direito das nossas crian\u00e7as, de serem amadas e respeitadas\u201d, disse a secret\u00e1ria municipal de Assist\u00eancia Social, Gl\u00e1ucia Iunes. Tamb\u00e9m participaram da caminhada o presidente da C\u00e2mara Municipal, Roberto Fa\u00e7anha, e o vereador Tadeu Vieira.<\/p>\n<p>Gl\u00e1ucia destacou que Corumb\u00e1 trabalha o ano inteiro no enfrentamento ao abuso e \u00e0 explora\u00e7\u00e3o sexual de crian\u00e7as e adolescentes. A caminhada, explicou, \u00e9 uma a\u00e7\u00e3o pontual porque \u201cnosso trabalho de enfrentamento \u00e9 cont\u00ednuo. Trabalhamos para conscientizar a sociedade da import\u00e2ncia dessa a\u00e7\u00e3o e cuidado com nossas crian\u00e7as e adolescentes\u201d, afirmou a titular da Secretaria Municipal de Assist\u00eancia Social.<\/p>\n<p>A campanha 18 de Maio \u2013 Enfrentamento ao Abuso e \u00e0 Explora\u00e7\u00e3o Sexual de Crian\u00e7as e Adolescentes tem uma s\u00e9rie de atividades programadas. At\u00e9 31 de maio ser\u00e3o realizadas palestras nas escolas<\/p>\n<p>S\u00e3o parceiros da campanha a Secretaria Municipal de Educa\u00e7\u00e3o; Secretaria Municipal de Sa\u00fade; \u00a0Secretaria Estadual de Sa\u00fade; Escolas Particulares; Funda\u00e7\u00e3o de Turismo do Pantanal; Minist\u00e9rio P\u00fablico Estadual \u2013 7\u00aa Promotoria de Justi\u00e7a; UFMS\/Campus do Pantanal; e Poder Judici\u00e1rio \u2013 1\u00aa Vara C\u00edvel.<\/p>\n<p><strong>O dia 18 de maio<\/strong><\/p>\n<p>Neste dia, em 1973, uma menina de 8 anos, de Vit\u00f3ria (ES), foi sequestrada, violentada e cruelmente assassinada. Seu corpo apareceu seis dias depois, carbonizado e os seus agressores nunca foram punidos.<\/p>\n<p>Com a repercuss\u00e3o do caso, e forte mobiliza\u00e7\u00e3o do movimento em defesa dos direitos das crian\u00e7as e adolescentes, 18 de maio foi institu\u00eddo como o Dia Nacional de Combate ao Abuso e \u00e0 Explora\u00e7\u00e3o Sexual de Crian\u00e7as e Adolescentes. Desde ent\u00e3o, esse se tornou o dia para que a popula\u00e7\u00e3o brasileira se una e se manifeste contra esse tipo de viol\u00eancia.<\/p>\n","protected":false},"excerpt":{"rendered":"<p>Uma grande caminhada pediu o fim do abuso e da explora\u00e7\u00e3o sexual de crian\u00e7as e&#8230;<\/p>\n","protected":false},"author":1,"featured_media":31028,"comment_status":"closed","ping_status":"closed","sticky":false,"template":"","format":"standard","meta":{"footnotes":""},"categories":[8,14],"tags":[],"class_list":["post-31026","post","type-post","status-publish","format-standard","has-post-thumbnail","hentry","category-destaque","category-geral"],"_links":{"self":[{"href":"https:\/\/www.corumbaonline.com.br\/news\/wp-json\/wp\/v2\/posts\/31026","targetHints":{"allow":["GET"]}}],"collection":[{"href":"https:\/\/www.corumbaonline.com.br\/news\/wp-json\/wp\/v2\/posts"}],"about":[{"href":"https:\/\/www.corumbaonline.com.br\/news\/wp-json\/wp\/v2\/types\/post"}],"author":[{"embeddable":true,"href":"https:\/\/www.corumbaonline.com.br\/news\/wp-json\/wp\/v2\/users\/1"}],"replies":[{"embeddable":true,"href":"https:\/\/www.corumbaonline.com.br\/news\/wp-json\/wp\/v2\/comments?post=31026"}],"version-history":[{"count":1,"href":"https:\/\/www.corumbaonline.com.br\/news\/wp-json\/wp\/v2\/posts\/31026\/revisions"}],"predecessor-version":[{"id":31029,"href":"https:\/\/www.corumbaonline.com.br\/news\/wp-json\/wp\/v2\/posts\/31026\/revisions\/31029"}],"wp:featuredmedia":[{"embeddable":true,"href":"https:\/\/www.corumbaonline.com.br\/news\/wp-json\/wp\/v2\/media\/31028"}],"wp:attachment":[{"href":"https:\/\/www.corumbaonline.com.br\/news\/wp-json\/wp\/v2\/media?parent=31026"}],"wp:term":[{"taxonomy":"category","embeddable":true,"href":"https:\/\/www.corumbaonline.com.br\/news\/wp-json\/wp\/v2\/categories?post=31026"},{"taxonomy":"post_tag","embeddable":true,"href":"https:\/\/www.corumbaonline.com.br\/news\/wp-json\/wp\/v2\/tags?post=31026"}],"curies":[{"name":"wp","href":"https:\/\/api.w.org\/{rel}","templated":true}]}}