{"id":31033,"date":"2019-05-19T09:50:47","date_gmt":"2019-05-19T13:50:47","guid":{"rendered":"http:\/\/www.corumbaonline.com.br\/news\/?p=31033"},"modified":"2019-05-19T10:36:10","modified_gmt":"2019-05-19T14:36:10","slug":"cristina-kirchner-anuncia-candidatura-a-vice-presidencia-da-argentina","status":"publish","type":"post","link":"https:\/\/www.corumbaonline.com.br\/news\/cristina-kirchner-anuncia-candidatura-a-vice-presidencia-da-argentina\/","title":{"rendered":"Cristina Kirchner anuncia candidatura \u00e0 vice-presid\u00eancia da Argentina"},"content":{"rendered":"<p>As elei\u00e7\u00f5es presidenciais da Argentina sofreram uma reviravolta. A senadora e ex-presidente da Argentina Cristina Fern\u00e1ndez de Kirchner anunciou que ser\u00e1 candidata a vice-presidente numa chapa encabe\u00e7ada pelo dirigente Alberto Fern\u00e1ndez.<\/p>\n<p>\u201cPedi a Alberto Fern\u00e1ndez que encabece a chapa que integraremos juntos. Ele, como candidato a presidente, e eu, como candidata a vice, para participar nas pr\u00f3ximas elei\u00e7\u00f5es prim\u00e1rias abertas, simult\u00e2neas e obrigat\u00f3rias\u201d, anunciou a ex-mandat\u00e1ria em mensagem gravada divulgada nas redes sociais, com sua voz em off e imagens de distintos momentos de sua carreira pol\u00edtica.<\/p>\n<p>A ex-presidente declarou que a chapa \u201c\u00e9 a que melhor exprime o que neste momento se necessita para convocar aos mais amplos setores sociais e pol\u00edticos e econ\u00f4micos tamb\u00e9m, n\u00e3o apenas para ganhar a elei\u00e7\u00e3o como para governar\u201d.<\/p>\n<p>Na pr\u00f3xima ter\u00e7a-feira (21), Cristina dever\u00e1 comparecer \u00e0 primeira audi\u00eancia no processo em que ela \u00e9 acusada de integrar uma suposta associa\u00e7\u00e3o il\u00edcita que favoreceu o empres\u00e1rio L\u00e1zaro B\u00e1ez na licita\u00e7\u00e3o de obras p\u00fablicas.<\/p>\n<p>Na mensagem, de pouco mais de 12 minutos, Cristina Kirchner disse que conhece Fern\u00e1ndez h\u00e1 mais de 20 anos e admitiu que teve diferen\u00e7as com o dirigente partid\u00e1rio. \u201c[Ele] foi chefe de Gabinete de N\u00e9stor [Kirchner] durante toda sua presid\u00eancia. Eu o vi, junto dele, decidir, organizar, acordar e buscar sempre a maior amplitude poss\u00edvel do governo. Foram tempos muito dif\u00edceis, mas estes que estamos vivendo s\u00e3o realmente dram\u00e1ticos. Nunca tantos e tantas dormindo na rua\u201d, comentou a senadora.<\/p>\n","protected":false},"excerpt":{"rendered":"<p>As elei\u00e7\u00f5es presidenciais da Argentina sofreram uma reviravolta. A senadora e ex-presidente da Argentina Cristina&#8230;<\/p>\n","protected":false},"author":1,"featured_media":0,"comment_status":"closed","ping_status":"closed","sticky":false,"template":"","format":"standard","meta":{"footnotes":""},"categories":[15],"tags":[],"class_list":["post-31033","post","type-post","status-publish","format-standard","hentry","category-internacional"],"_links":{"self":[{"href":"https:\/\/www.corumbaonline.com.br\/news\/wp-json\/wp\/v2\/posts\/31033","targetHints":{"allow":["GET"]}}],"collection":[{"href":"https:\/\/www.corumbaonline.com.br\/news\/wp-json\/wp\/v2\/posts"}],"about":[{"href":"https:\/\/www.corumbaonline.com.br\/news\/wp-json\/wp\/v2\/types\/post"}],"author":[{"embeddable":true,"href":"https:\/\/www.corumbaonline.com.br\/news\/wp-json\/wp\/v2\/users\/1"}],"replies":[{"embeddable":true,"href":"https:\/\/www.corumbaonline.com.br\/news\/wp-json\/wp\/v2\/comments?post=31033"}],"version-history":[{"count":1,"href":"https:\/\/www.corumbaonline.com.br\/news\/wp-json\/wp\/v2\/posts\/31033\/revisions"}],"predecessor-version":[{"id":31034,"href":"https:\/\/www.corumbaonline.com.br\/news\/wp-json\/wp\/v2\/posts\/31033\/revisions\/31034"}],"wp:attachment":[{"href":"https:\/\/www.corumbaonline.com.br\/news\/wp-json\/wp\/v2\/media?parent=31033"}],"wp:term":[{"taxonomy":"category","embeddable":true,"href":"https:\/\/www.corumbaonline.com.br\/news\/wp-json\/wp\/v2\/categories?post=31033"},{"taxonomy":"post_tag","embeddable":true,"href":"https:\/\/www.corumbaonline.com.br\/news\/wp-json\/wp\/v2\/tags?post=31033"}],"curies":[{"name":"wp","href":"https:\/\/api.w.org\/{rel}","templated":true}]}}