{"id":31046,"date":"2019-05-20T08:16:10","date_gmt":"2019-05-20T12:16:10","guid":{"rendered":"http:\/\/www.corumbaonline.com.br\/news\/?p=31046"},"modified":"2019-05-20T08:48:30","modified_gmt":"2019-05-20T12:48:30","slug":"noite-final-do-festival-estudantil-da-cancao-definiu-os-campeoes","status":"publish","type":"post","link":"https:\/\/www.corumbaonline.com.br\/news\/noite-final-do-festival-estudantil-da-cancao-definiu-os-campeoes\/","title":{"rendered":"Noite final do Festival Estudantil da Can\u00e7\u00e3o definiu os campe\u00f5es"},"content":{"rendered":"<p>Com um p\u00fablico estimado em tr\u00eas mil pessoas em sua noite final o Festival Estudantil da Can\u00e7\u00e3o 2019 premiou os melhores de cada categoria e a competi\u00e7\u00e3o acirrada entre as sete torcidas inscritas; que teve como campe\u00e3 a Escola Cidade Dom Bosco com 418,4 pontos.<\/p>\n<p>O Festival foi realizado pela Prefeitura de Corumb\u00e1 atrav\u00e9s da Secretaria Especial de Cidadania e Direitos Humanos e sua Coordenadoria de Pol\u00edticas P\u00fablicas para a Juventude, com o apoio da Secretaria Municipal de Educa\u00e7\u00e3o, Funda\u00e7\u00e3o da Cultura e do Patrim\u00f4nio Hist\u00f3rico e Funda\u00e7\u00e3o de Esportes de Corumb\u00e1.<\/p>\n<p>Em data a ser definida pela Coordenadoria da Juventude, as torcidas vencedoras receber\u00e3o a premia\u00e7\u00e3o em dinheiro no audit\u00f3rio da Prefeitura de Corumb\u00e1 das m\u00e3os do prefeito Marcelo Iunes. Foram eleitos tamb\u00e9m a Garoto e o Garoto Estudantis de 2019. Confira os resultados:<\/p>\n<p>CATEGORIA INFANTIL CONJUNTO<\/p>\n<p>1\u00ba Lugar \u2013Cibele Talita e Victor Emanoel da Escola Bar\u00e3o do Rio Branco com 138,3 pontos<\/p>\n<p>2\u00ba Lugar \u2013 Daniela e Nayara da Escola Rachid Bardauil com 131 pontos<\/p>\n<p>CATEGORIA INFANTIL INDIVIDUAL<\/p>\n<p>1\u00ba Lugar \u2013 Jo\u00e3o Victor Molina da Escola Rural Monte Azul com 162,6 pontos<\/p>\n<p>2\u00ba Lugar \u2013 Maria Flor da Escola Pedro Paulo de Medeiros com 157,7 pontos<\/p>\n<p>CATEGORIA ESPECIAL<\/p>\n<p>1\u00ba Lugar \u2013 Claudio Cesar da Escola Reino do Amor (APAE) com 160,2 pontos<\/p>\n<p>2\u00ba Lugar \u2013 Pedro Henrique da Escola Reino do Amor (APAE) com 153,1 pontos<\/p>\n<p>CATEGORIA GOSPEL CONJUNTO<\/p>\n<p>1\u00ba Lugar \u2013 C\u00e1ssia Beatriz e Jo\u00e3o Paulo da Escola Dom Bosco com 168,2 pontos<\/p>\n<p>CATEGORIA GOSPEL INDIVIDUAL<\/p>\n<p>1\u00ba Lugar \u2013 Thaelson Cruz da Escola Dom Bosco com 178,4 pontos<\/p>\n<p>2\u00ba Lugar \u2013Maria Clara do Instituto Federal com 169,5 pontos<\/p>\n<p>3\u00ba Lugar \u2013 Ian J\u00fanior da Escola Castro Brasil com 168,8 pontos<\/p>\n<p>CATEGORIA JUVENIL CONJUNTO<\/p>\n<p>1\u00ba Lugar \u2013 Raiane Mendon\u00e7a e Ana Clara\u00a0 do Instituto Federal com 166,7 pontos<\/p>\n<p>2\u00ba Lugar \u2013 Mariana e Tainan da escola Cyriaco de Toledo com 157,6 pontos<\/p>\n<p>CATEGORIA JUNVENIL INDIVIDUAL<\/p>\n<p>1\u00ba Lugar \u2013 Ivi Clavijo da Escola J\u00falia Gon\u00e7alves Passarinho com 177,5 pontos<\/p>\n<p>2\u00ba Lugar \u2013 Bruna Vit\u00f3ria da Escola Maria Leite com 176,2 pontos<\/p>\n<p>3\u00ba Lugar \u2013 Danielle Jard da Escola Castro Brasil com 166,3 pontos<\/p>\n<p>CATEGORIA ADULTO<\/p>\n<p>1\u00ba Lugar \u2013 Kathleen Lino do Instituto Federal com 177 pontos<\/p>\n<p>2\u00ba Lugar \u2013 Wagner Paredes da Escola Pedro Paulo de Medeiros com 169,3 pontos<\/p>\n<p>3\u00ba Lugar \u2013 Stanislaw da Escola Clio Proen\u00e7a com 169 pontos<\/p>\n<p>CATEGORIA PROFISSIONAL DE EDUCA\u00c7\u00c3O<\/p>\n<p>1\u00ba Lugar \u2013 Alessis Raul da Escola Izabel Correia com 180 pontos<\/p>\n<p>2\u00ba Lugar \u2013 Durvalino Leite da Escola Delcidio do Amaral com 178,5 pontos<\/p>\n<p>3\u00ba Lugar \u2013 Dudu da Escola Izabel Correia com 178,3 pontos<\/p>\n<p>TORCIDAS<\/p>\n<p>1\u00ba Lugar \u2013 Escola Dom Bosco com 418,4 pontos<\/p>\n<p>2\u00ba Lugar \u2013 Escola J\u00fania Gon\u00e7alves Passarinho com 415,7 pontos<\/p>\n<p>3\u00ba Lugar \u2013 Escola Reino do Amor (APAE) com 373,9 pontos<\/p>\n<p>GAROTA E GAROTO ESTUDANTIS<\/p>\n<p>1\u00ba Lugar &#8211; Sarah Azevedo (Bar\u00e3o do Rio Branco) e Jo\u00e3o Vitor Rocha (Dom Bosco)<\/p>\n<p>2\u00ba Lugar \u2013 Helena Silva (IFMS) e Rodrigo Santiago (JGP)<\/p>\n<p>3\u00ba Lugar \u2013 Nathaly Tamyy (Castro Brasil) e Eric Felipe (Jo\u00e3o Leite)<\/p>\n<p>Garota Revela\u00e7\u00e3o \u2013 Ana Rosa Franco (APAE)<\/p>\n<p>Garoto Revela\u00e7\u00e3o \u2013 Jesiel Gomes (APAE)<\/p>\n","protected":false},"excerpt":{"rendered":"<p>Com um p\u00fablico estimado em tr\u00eas mil pessoas em sua noite final o Festival Estudantil&#8230;<\/p>\n","protected":false},"author":1,"featured_media":31048,"comment_status":"closed","ping_status":"closed","sticky":false,"template":"","format":"standard","meta":{"footnotes":""},"categories":[7,8],"tags":[],"class_list":["post-31046","post","type-post","status-publish","format-standard","has-post-thumbnail","hentry","category-cultura","category-destaque"],"_links":{"self":[{"href":"https:\/\/www.corumbaonline.com.br\/news\/wp-json\/wp\/v2\/posts\/31046","targetHints":{"allow":["GET"]}}],"collection":[{"href":"https:\/\/www.corumbaonline.com.br\/news\/wp-json\/wp\/v2\/posts"}],"about":[{"href":"https:\/\/www.corumbaonline.com.br\/news\/wp-json\/wp\/v2\/types\/post"}],"author":[{"embeddable":true,"href":"https:\/\/www.corumbaonline.com.br\/news\/wp-json\/wp\/v2\/users\/1"}],"replies":[{"embeddable":true,"href":"https:\/\/www.corumbaonline.com.br\/news\/wp-json\/wp\/v2\/comments?post=31046"}],"version-history":[{"count":1,"href":"https:\/\/www.corumbaonline.com.br\/news\/wp-json\/wp\/v2\/posts\/31046\/revisions"}],"predecessor-version":[{"id":31049,"href":"https:\/\/www.corumbaonline.com.br\/news\/wp-json\/wp\/v2\/posts\/31046\/revisions\/31049"}],"wp:featuredmedia":[{"embeddable":true,"href":"https:\/\/www.corumbaonline.com.br\/news\/wp-json\/wp\/v2\/media\/31048"}],"wp:attachment":[{"href":"https:\/\/www.corumbaonline.com.br\/news\/wp-json\/wp\/v2\/media?parent=31046"}],"wp:term":[{"taxonomy":"category","embeddable":true,"href":"https:\/\/www.corumbaonline.com.br\/news\/wp-json\/wp\/v2\/categories?post=31046"},{"taxonomy":"post_tag","embeddable":true,"href":"https:\/\/www.corumbaonline.com.br\/news\/wp-json\/wp\/v2\/tags?post=31046"}],"curies":[{"name":"wp","href":"https:\/\/api.w.org\/{rel}","templated":true}]}}