{"id":3110,"date":"2017-04-13T10:20:48","date_gmt":"2017-04-13T14:20:48","guid":{"rendered":"http:\/\/www.corumbaonline.com.br\/news\/?p=3110"},"modified":"2017-04-13T09:58:30","modified_gmt":"2017-04-13T13:58:30","slug":"avancam-entendimentos-para-ligar-porto-esperanca-a-corumba-por-terra","status":"publish","type":"post","link":"https:\/\/www.corumbaonline.com.br\/news\/avancam-entendimentos-para-ligar-porto-esperanca-a-corumba-por-terra\/","title":{"rendered":"Avan\u00e7am entendimentos para ligar Porto Esperan\u00e7a a Corumb\u00e1 por terra"},"content":{"rendered":"<p>A liga\u00e7\u00e3o da regi\u00e3o de Porto Esperan\u00e7a a Corumb\u00e1 por terra \u00e9 uma quest\u00e3o de tempo. Durante encontro na tarde de quarta-feira, 12 de abril, na sede da Funda\u00e7\u00e3o de Meio Ambiente do Pantanal, ficou definido que o \u00f3rg\u00e3o municipal vai encaminhar um documento \u00e0 Promotoria do Meio Ambiente de Corumb\u00e1, com embasamento legal, permitindo \u00e0 Vale, a doa\u00e7\u00e3o de material que ser\u00e1 utilizado no encascalhamento do trecho entre a BR 262 e o distrito localizado \u00e0s margens do Rio Paraguai.<\/p>\n<p>A abertura da estrada que ligar\u00e1 Porto Esperan\u00e7a a Corumb\u00e1 por terra, \u00e9 um pedido da comunidade local e o caso est\u00e1 sendo acompanhado pela C\u00e2mara Municipal de Vereadores que, dias atr\u00e1s, por meio de um requerimento do presidente do Poder Legislativo, Evander Vendramini (PP), solicitou \u00e0 Funda\u00e7\u00e3o de Meio Ambiente, uma autoriza\u00e7\u00e3o para a Vale doar o material (fino do min\u00e9rio), que ser\u00e1 utilizado na obra.<\/p>\n<p>A reuni\u00e3o de ontem \u00e0 tarde avan\u00e7ou neste sentido. O encontro contou com a participa\u00e7\u00e3o da diretora-presidente da Funda\u00e7\u00e3o, Ana Cl\u00e1udia Boabaid; do secret\u00e1rio municipal de Governo, C\u00e1ssio Augusto da Costa Marques; do vereador e presidente da C\u00e2mara, Evander Vendramini; do gerente da Vale, Olemar Tib\u00e3es, que estava acompanhado de sua equipe, al\u00e9m de representantes da comunidade do distrito.<\/p>\n<p>Olemar reafirmou na reuni\u00e3o que a Vale est\u00e1 disposta a doar o material necess\u00e1rio para a abertura da estrada. Mas, para isto, \u00e9 preciso receber uma autoriza\u00e7\u00e3o dos \u00f3rg\u00e3os ambientais. \u201cTemos que nos resguardar, n\u00e3o sofrer san\u00e7\u00f5es pela libera\u00e7\u00e3o do material\u201d, disse.<\/p>\n<p>A diretora da Funda\u00e7\u00e3o sinalizou de forma positiva, mas informou que, antes de liberar a autoriza\u00e7\u00e3o, vai encaminhar documenta\u00e7\u00e3o para a Promotoria do Meio Ambiente, para evitar qualquer tipo de problema.<\/p>\n<p>\u201cVamos elaborar um documento com embasamento legal, e encaminhar \u00e0 Promotoria do Meio Ambiente. Vou conversar pessoalmente com a promotora sobre esta quest\u00e3o e acredito que n\u00e3o haver\u00e1 problemas\u201d, disse Boabaid. Somente ap\u00f3s isto \u00e9 que a institui\u00e7\u00e3o ambiental vai liberar a autoriza\u00e7\u00e3o para a Vale doar o material.<\/p>\n<p>O vereador Evander Vendramini, que est\u00e1 acompanhando a quest\u00e3o de perto, demonstrou confian\u00e7a. \u201cAl\u00e9m de ligarmos Porto Esperan\u00e7a a Corumb\u00e1 por terra, vamos resolver um grande problema dos moradores do distrito que, hoje, tem como op\u00e7\u00e3o durante todo o ano, somente o Rio Paraguai. E para se locomover at\u00e9 a cidade, uma viagem de Porto Esperan\u00e7a at\u00e9 o Morrinho, gira em torno de R$ 200,00\u201d, revelou.<\/p>\n<p>Ele acredita que, com a estrada em perfeitas condi\u00e7\u00f5es, aberta o ano todo, mesmo em per\u00edodos de chuva, os moradores v\u00e3o economizar em suas viagens para Corumb\u00e1. \u201c\u00c9 at\u00e9 uma quest\u00e3o social. A estrada vai permitir maior conforto para todos que residem l\u00e1, al\u00e9m de fortalecer o local como um polo tur\u00edstico com acesso facilitado por terra, e n\u00e3o apenas pelo rio\u201d, disse.<\/p>\n<p>Domingos Benitez, presidente da Associa\u00e7\u00e3o de Moradores de Porto Esperan\u00e7a, informou que a estrada conta com cerca de 10 quil\u00f4metros, e o encascalhamento vai permitir utiliz\u00e1-la o ano todo. \u201cHoje, chove, n\u00e3o tem como passar. Existe uma ponte que tem que ser refeita e as vazantes que precisam de manilhas para escoamento da \u00e1gua\u201d, informou.<\/p>\n<p>O secret\u00e1rio C\u00e1ssio Augusto informou que a Prefeitura se responsabilizar\u00e1 pela obra da estrada ligando a BR 262 a Porto Esperan\u00e7a. \u201cCom o material que a Vale est\u00e1 disponibilizando, vai dar para fazer uma boa interven\u00e7\u00e3o no local\u201d, disse, j\u00e1 sinalizando de forma positiva em rela\u00e7\u00e3o \u00e0 constru\u00e7\u00e3o de uma ponte, pedido feito pelo vereador Evander Vendramini.<\/p>\n","protected":false},"excerpt":{"rendered":"<p>A liga\u00e7\u00e3o da regi\u00e3o de Porto Esperan\u00e7a a Corumb\u00e1 por terra \u00e9 uma quest\u00e3o de&#8230;<\/p>\n","protected":false},"author":1,"featured_media":3111,"comment_status":"closed","ping_status":"closed","sticky":false,"template":"","format":"standard","meta":{"footnotes":""},"categories":[8,19],"tags":[],"class_list":["post-3110","post","type-post","status-publish","format-standard","has-post-thumbnail","hentry","category-destaque","category-politica"],"_links":{"self":[{"href":"https:\/\/www.corumbaonline.com.br\/news\/wp-json\/wp\/v2\/posts\/3110","targetHints":{"allow":["GET"]}}],"collection":[{"href":"https:\/\/www.corumbaonline.com.br\/news\/wp-json\/wp\/v2\/posts"}],"about":[{"href":"https:\/\/www.corumbaonline.com.br\/news\/wp-json\/wp\/v2\/types\/post"}],"author":[{"embeddable":true,"href":"https:\/\/www.corumbaonline.com.br\/news\/wp-json\/wp\/v2\/users\/1"}],"replies":[{"embeddable":true,"href":"https:\/\/www.corumbaonline.com.br\/news\/wp-json\/wp\/v2\/comments?post=3110"}],"version-history":[{"count":1,"href":"https:\/\/www.corumbaonline.com.br\/news\/wp-json\/wp\/v2\/posts\/3110\/revisions"}],"predecessor-version":[{"id":3112,"href":"https:\/\/www.corumbaonline.com.br\/news\/wp-json\/wp\/v2\/posts\/3110\/revisions\/3112"}],"wp:featuredmedia":[{"embeddable":true,"href":"https:\/\/www.corumbaonline.com.br\/news\/wp-json\/wp\/v2\/media\/3111"}],"wp:attachment":[{"href":"https:\/\/www.corumbaonline.com.br\/news\/wp-json\/wp\/v2\/media?parent=3110"}],"wp:term":[{"taxonomy":"category","embeddable":true,"href":"https:\/\/www.corumbaonline.com.br\/news\/wp-json\/wp\/v2\/categories?post=3110"},{"taxonomy":"post_tag","embeddable":true,"href":"https:\/\/www.corumbaonline.com.br\/news\/wp-json\/wp\/v2\/tags?post=3110"}],"curies":[{"name":"wp","href":"https:\/\/api.w.org\/{rel}","templated":true}]}}