{"id":31130,"date":"2019-05-21T10:58:52","date_gmt":"2019-05-21T14:58:52","guid":{"rendered":"http:\/\/www.corumbaonline.com.br\/news\/?p=31130"},"modified":"2019-05-21T11:57:41","modified_gmt":"2019-05-21T15:57:41","slug":"corumbaense-divulga-nota-oficial-sobre-caso-marlos","status":"publish","type":"post","link":"https:\/\/www.corumbaonline.com.br\/news\/corumbaense-divulga-nota-oficial-sobre-caso-marlos\/","title":{"rendered":"Corumbaense divulga nota oficial sobre caso &#8220;Marlos&#8221;"},"content":{"rendered":"<p>Por meio de uma nota oficial, divulgada na tarde desta segunda-feira, 20 de maio, a diretoria do Corumbaense Futebol Clube lamenta epis\u00f3dio envolvendo o meia Marlos e refor\u00e7a que repudia todo e qualquer ato de viol\u00eancia contra os atletas do clube.<\/p>\n<p><strong>Leia na \u00edntegra<\/strong><\/p>\n<p>O Corumbaense lamenta o epis\u00f3dio ocorrido nas depend\u00eancias do alojamento dos atletas do Clube na manh\u00e3 deste domingo (19), quando tr\u00eas elementos, um deles armado com um rev\u00f3lver, teriam invadido o local, rendido o atleta Fabinho e feito amea\u00e7as aos demais jogadores, em especial ao atleta Marlos, que n\u00e3o foi encontrado pelo trio no momento da a\u00e7\u00e3o.<\/p>\n<p>A diretoria refor\u00e7a que repudia todo e qualquer ato de viol\u00eancia contra os atletas do clube e j\u00e1 tomou provid\u00eancias no sentido de buscar junto \u00e0s autoridades policiais, a identifica\u00e7\u00e3o e puni\u00e7\u00e3o deste ato criminoso.<\/p>\n<p>Um boletim de ocorr\u00eancia foi registrado e em an\u00e1lise de imagens obtidas pelo clube os suspeitos foram inclusive apontados e ser\u00e3o investigados pelo \u00f3rg\u00e3o competente.<\/p>\n<p>A diretoria comunica ainda que vem prestando o apoio necess\u00e1rio aos jogadores e que em respeito ao sentimento do atleta Marlos, aceitou o pedido de desligamento do mesmo que j\u00e1 se encontra junto a sua fam\u00edlia.<\/p>\n<p>Sabemos do amor e paix\u00e3o dos nossos torcedores pela camisa do Corumbaense e temos a certeza que a atitude tomada por estes indiv\u00edduos n\u00e3o faz parte do sentimento que sempre esteve presente no relacionamento entre o clube e nossa pac\u00edfica torcida.<\/p>\n","protected":false},"excerpt":{"rendered":"<p>Por meio de uma nota oficial, divulgada na tarde desta segunda-feira, 20 de maio, a&#8230;<\/p>\n","protected":false},"author":1,"featured_media":0,"comment_status":"closed","ping_status":"closed","sticky":false,"template":"","format":"standard","meta":{"footnotes":""},"categories":[11],"tags":[],"class_list":["post-31130","post","type-post","status-publish","format-standard","hentry","category-esporte"],"_links":{"self":[{"href":"https:\/\/www.corumbaonline.com.br\/news\/wp-json\/wp\/v2\/posts\/31130","targetHints":{"allow":["GET"]}}],"collection":[{"href":"https:\/\/www.corumbaonline.com.br\/news\/wp-json\/wp\/v2\/posts"}],"about":[{"href":"https:\/\/www.corumbaonline.com.br\/news\/wp-json\/wp\/v2\/types\/post"}],"author":[{"embeddable":true,"href":"https:\/\/www.corumbaonline.com.br\/news\/wp-json\/wp\/v2\/users\/1"}],"replies":[{"embeddable":true,"href":"https:\/\/www.corumbaonline.com.br\/news\/wp-json\/wp\/v2\/comments?post=31130"}],"version-history":[{"count":1,"href":"https:\/\/www.corumbaonline.com.br\/news\/wp-json\/wp\/v2\/posts\/31130\/revisions"}],"predecessor-version":[{"id":31133,"href":"https:\/\/www.corumbaonline.com.br\/news\/wp-json\/wp\/v2\/posts\/31130\/revisions\/31133"}],"wp:attachment":[{"href":"https:\/\/www.corumbaonline.com.br\/news\/wp-json\/wp\/v2\/media?parent=31130"}],"wp:term":[{"taxonomy":"category","embeddable":true,"href":"https:\/\/www.corumbaonline.com.br\/news\/wp-json\/wp\/v2\/categories?post=31130"},{"taxonomy":"post_tag","embeddable":true,"href":"https:\/\/www.corumbaonline.com.br\/news\/wp-json\/wp\/v2\/tags?post=31130"}],"curies":[{"name":"wp","href":"https:\/\/api.w.org\/{rel}","templated":true}]}}