{"id":31140,"date":"2019-05-21T12:00:10","date_gmt":"2019-05-21T16:00:10","guid":{"rendered":"http:\/\/www.corumbaonline.com.br\/news\/?p=31140"},"modified":"2019-05-21T12:35:46","modified_gmt":"2019-05-21T16:35:46","slug":"promovido-pela-prefeitura-evento-debate-homofobia-transfobia-e-lesbofobia","status":"publish","type":"post","link":"https:\/\/www.corumbaonline.com.br\/news\/promovido-pela-prefeitura-evento-debate-homofobia-transfobia-e-lesbofobia\/","title":{"rendered":"Promovido pela Prefeitura, evento debate homofobia, transfobia e lesbofobia"},"content":{"rendered":"<p>A Prefeitura de Corumb\u00e1, por meio da Secretaria Especial de Cidadania e Direitos Humanos , atrav\u00e9s da Coordenadoria de Politicas P\u00fablicas para LGBT, realizou na noite dessa segunda-feira, 20 de maio, a terceira edi\u00e7\u00e3o do painel \u201cLGBT em foco\u201d.\u00a0 O evento teve como tema \u201cHomofobia, Transfobia e Lesbofobia\u201d e contou com participa\u00e7\u00f5es do professor da UFMS, Waldson Luciano Correa Diniz, e o presidente da Subse\u00e7\u00e3o da OAB-Corumb\u00e1, Roberto Ajala Lins, al\u00e9m da presen\u00e7a do Prefeito Marcelo Iunes, da secret\u00e1ria especial de Cidadania e Direitos Humanos, Amanda Balancieri Iunes, Coordenador de Politicas Publicas para LGBT, Marcio Kalango, e o diretor-presidente da Funda\u00e7\u00e3o da Cultura e do Patrim\u00f4nio Hist\u00f3rico, Joilson Cruz.<\/p>\n<p>O encontro foi realizado com foco no combate a homofobia, relembrando o dia 17 de maio, quando em 1990 a Organiza\u00e7\u00e3o Mundial de Sa\u00fade excluiu o termo homossexualidade da classifica\u00e7\u00e3o estat\u00edstica de doen\u00e7as e problemas relacionados \u00e0 sa\u00fade.<\/p>\n<p>O prefeito Marcelo Iunes falou sobre a import\u00e2ncia do combate a LGBTfobia para a cria\u00e7\u00e3o de uma sociedade mais justa e solid\u00e1ria. \u201cTudo passa pelo respeito. N\u00f3s precisamos falar sempre disso, do respeito uns com os outros, como seres humanos. N\u00e3o podemos de forma alguma discriminar algu\u00e9m por qualquer quest\u00e3o, ningu\u00e9m \u00e9 inferior por sua orienta\u00e7\u00e3o sexual. Queremos combater ao m\u00e1ximo a LGBTfobia, por isso espero que a lei de combate a LGBTfobia seja aprovada para que possamos criminalizar quem cometa isso\u201d, destacou.<\/p>\n<p>A secret\u00e1ria especial de Cidadania e Direitos Humanos, Amanda Balancieri Iunes, ressaltou o empenho da Prefeitura de Corumb\u00e1 com as pol\u00edticas p\u00fablicas para a comunidade LGBT. \u201cHoje viemos aqui para ouvir e aprender, contamos com a presen\u00e7a do Professor Waldson e do presidente da Subse\u00e7\u00e3o da OAB-Corumb\u00e1 Roberto Ajala para falar sobre a LGBTfobia e como combater essa situa\u00e7\u00e3o. No dia 17 fizemos uma a\u00e7\u00e3o de panfletagem no centro da cidade, buscando mostrar que infelizmente a LGBTfobia existe e que n\u00f3s n\u00e3o podemos deixar isso ocorrer. Estamos empenhados em mudar esse quadro\u201d.<\/p>\n<p>J\u00e1 o coordenador de Pol\u00edticas Publicas para LGBT, Marcio Kalango, lembrou que o preconceito ainda evidente na sociedade e a import\u00e2ncia da implementa\u00e7\u00e3o da Portaria MS n\u00ba 1.820, de 13 de agosto de 2009. \u201cN\u00f3s percebemos ainda nas ruas o preconceito, sentimos nos olhares, mas vamos continuar fortes e lutando todos os dias para combater a LGBTfobia. Ainda temos muitas batalhas para vencer, mas fico feliz em poder celebrar hoje uma conquista que \u00e9 a implementa\u00e7\u00e3o dessa portaria que respeita o uso do nome social.\u201d<\/p>\n<p>O evento contou com uma palestra do professor Waldson Luciano Correa Diniz, falando sobre os casos de viol\u00eancia contra LGBT no Brasil, identifica\u00e7\u00e3o dessas situa\u00e7\u00f5es e propostas para o melhor atendimento em situa\u00e7\u00f5es de agress\u00e3o contra LGBT. J\u00e1 o presidente da Subse\u00e7\u00e3o da OAB-Corumb\u00e1, Roberto Ajala Lins, ministrou um bate papo sobre as leis que devem ser aplicadas nessas situa\u00e7\u00f5es e sanou as duvidas dos presentes sobre o tema.<\/p>\n","protected":false},"excerpt":{"rendered":"<p>A Prefeitura de Corumb\u00e1, por meio da Secretaria Especial de Cidadania e Direitos Humanos ,&#8230;<\/p>\n","protected":false},"author":1,"featured_media":31143,"comment_status":"closed","ping_status":"closed","sticky":false,"template":"","format":"standard","meta":{"footnotes":""},"categories":[8,14],"tags":[],"class_list":["post-31140","post","type-post","status-publish","format-standard","has-post-thumbnail","hentry","category-destaque","category-geral"],"_links":{"self":[{"href":"https:\/\/www.corumbaonline.com.br\/news\/wp-json\/wp\/v2\/posts\/31140","targetHints":{"allow":["GET"]}}],"collection":[{"href":"https:\/\/www.corumbaonline.com.br\/news\/wp-json\/wp\/v2\/posts"}],"about":[{"href":"https:\/\/www.corumbaonline.com.br\/news\/wp-json\/wp\/v2\/types\/post"}],"author":[{"embeddable":true,"href":"https:\/\/www.corumbaonline.com.br\/news\/wp-json\/wp\/v2\/users\/1"}],"replies":[{"embeddable":true,"href":"https:\/\/www.corumbaonline.com.br\/news\/wp-json\/wp\/v2\/comments?post=31140"}],"version-history":[{"count":1,"href":"https:\/\/www.corumbaonline.com.br\/news\/wp-json\/wp\/v2\/posts\/31140\/revisions"}],"predecessor-version":[{"id":31144,"href":"https:\/\/www.corumbaonline.com.br\/news\/wp-json\/wp\/v2\/posts\/31140\/revisions\/31144"}],"wp:featuredmedia":[{"embeddable":true,"href":"https:\/\/www.corumbaonline.com.br\/news\/wp-json\/wp\/v2\/media\/31143"}],"wp:attachment":[{"href":"https:\/\/www.corumbaonline.com.br\/news\/wp-json\/wp\/v2\/media?parent=31140"}],"wp:term":[{"taxonomy":"category","embeddable":true,"href":"https:\/\/www.corumbaonline.com.br\/news\/wp-json\/wp\/v2\/categories?post=31140"},{"taxonomy":"post_tag","embeddable":true,"href":"https:\/\/www.corumbaonline.com.br\/news\/wp-json\/wp\/v2\/tags?post=31140"}],"curies":[{"name":"wp","href":"https:\/\/api.w.org\/{rel}","templated":true}]}}