{"id":31260,"date":"2019-05-24T08:05:46","date_gmt":"2019-05-24T12:05:46","guid":{"rendered":"http:\/\/www.corumbaonline.com.br\/news\/?p=31260"},"modified":"2019-05-24T09:00:52","modified_gmt":"2019-05-24T13:00:52","slug":"primeira-ministra-britanica-anuncia-renuncia","status":"publish","type":"post","link":"https:\/\/www.corumbaonline.com.br\/news\/primeira-ministra-britanica-anuncia-renuncia\/","title":{"rendered":"Primeira-ministra brit\u00e2nica anuncia ren\u00fancia"},"content":{"rendered":"<p>A primeira-ministra brit\u00e2nica, Theresa May, anunciou nesta sexta-feira (24) que vai deixar, no dia 7 de junho, a lideran\u00e7a do Partido Conservador e que o processo de escolha de um novo l\u00edder vai come\u00e7ar na pr\u00f3xima semana.<\/p>\n<p>&#8220;Continuarei a servir como primeira-ministra at\u00e9 que o processo esteja conclu\u00eddo&#8221;, disse Theresa May, em entrevista em sua resid\u00eancia oficial.<\/p>\n<p>Ela argumentou que \u00e9 dever dos pol\u00edticos &#8220;implementar o que [o povo] decidiu&#8221;,\u00a0 referindo-se ao Brexit, aprovado h\u00e1 tr\u00eas anos. \u201cFiz tudo o que podia para convencer os deputados a apoiar o acordo de sa\u00edda. Infelizmente, n\u00e3o consegui. \u00c9 agora claro para mim que \u00e9 do interesse do pa\u00eds que seja um novo primeiro-ministro a liderar esse esfor\u00e7o. Por isso, anuncio que irei me demitir do cargo de l\u00edder do Partido Conservador na sexta-feira, 7 de junho\u201d, concluiu a primeira-ministra\u201d.<\/p>\n<p>\u201cSer\u00e1 sempre uma mat\u00e9ria de grande arrependimento que n\u00e3o tenha conseguido cumprir o Brexit. Ser\u00e1 fun\u00e7\u00e3o do meu sucessor procurar um caminho que honre o resultado do referendo. Para ser bem-sucedido, ele ou ela ter\u00e1 de encontrar um consenso no Parlamento, que eu n\u00e3o consegui. Esse consenso s\u00f3 pode ser atingido se ambas as partes em debate estiverem dispon\u00edveis para o compromisso\u201d, afirmou May.<\/p>\n<p>Visivelmente emocionada, ela acrescentou que foi a maior honra de sua vida vida ter sido a segunda mulher primeira-ministra no Reino Unido, \u201cmas, certamente, n\u00e3o a \u00faltima\u201d, e ter servido ao pa\u00eds que ama.<\/p>\n","protected":false},"excerpt":{"rendered":"<p>A primeira-ministra brit\u00e2nica, Theresa May, anunciou nesta sexta-feira (24) que vai deixar, no dia 7&#8230;<\/p>\n","protected":false},"author":1,"featured_media":0,"comment_status":"closed","ping_status":"closed","sticky":false,"template":"","format":"standard","meta":{"footnotes":""},"categories":[15],"tags":[],"class_list":["post-31260","post","type-post","status-publish","format-standard","hentry","category-internacional"],"_links":{"self":[{"href":"https:\/\/www.corumbaonline.com.br\/news\/wp-json\/wp\/v2\/posts\/31260","targetHints":{"allow":["GET"]}}],"collection":[{"href":"https:\/\/www.corumbaonline.com.br\/news\/wp-json\/wp\/v2\/posts"}],"about":[{"href":"https:\/\/www.corumbaonline.com.br\/news\/wp-json\/wp\/v2\/types\/post"}],"author":[{"embeddable":true,"href":"https:\/\/www.corumbaonline.com.br\/news\/wp-json\/wp\/v2\/users\/1"}],"replies":[{"embeddable":true,"href":"https:\/\/www.corumbaonline.com.br\/news\/wp-json\/wp\/v2\/comments?post=31260"}],"version-history":[{"count":1,"href":"https:\/\/www.corumbaonline.com.br\/news\/wp-json\/wp\/v2\/posts\/31260\/revisions"}],"predecessor-version":[{"id":31261,"href":"https:\/\/www.corumbaonline.com.br\/news\/wp-json\/wp\/v2\/posts\/31260\/revisions\/31261"}],"wp:attachment":[{"href":"https:\/\/www.corumbaonline.com.br\/news\/wp-json\/wp\/v2\/media?parent=31260"}],"wp:term":[{"taxonomy":"category","embeddable":true,"href":"https:\/\/www.corumbaonline.com.br\/news\/wp-json\/wp\/v2\/categories?post=31260"},{"taxonomy":"post_tag","embeddable":true,"href":"https:\/\/www.corumbaonline.com.br\/news\/wp-json\/wp\/v2\/tags?post=31260"}],"curies":[{"name":"wp","href":"https:\/\/api.w.org\/{rel}","templated":true}]}}