{"id":31284,"date":"2019-05-27T09:06:14","date_gmt":"2019-05-27T13:06:14","guid":{"rendered":"http:\/\/www.corumbaonline.com.br\/news\/?p=31284"},"modified":"2019-05-27T10:00:11","modified_gmt":"2019-05-27T14:00:11","slug":"uniao-europeia-tera-parlamento-mais-verde-e-populista","status":"publish","type":"post","link":"https:\/\/www.corumbaonline.com.br\/news\/uniao-europeia-tera-parlamento-mais-verde-e-populista\/","title":{"rendered":"Uni\u00e3o Europeia ter\u00e1 Parlamento mais verde e populista"},"content":{"rendered":"<p>As elei\u00e7\u00f5es mais disputadas para o Parlamento Europeu em d\u00e9cadas chegaram ao fim neste domingo (26) com a direita euroc\u00e9tica e anti-imigra\u00e7\u00e3o e os ambientalistas ganhando espa\u00e7o sobre partidos tradicionais que costumavam formar o centro pol\u00edtico do bloco.<\/p>\n<p>Ao longo de quatro dias de vota\u00e7\u00e3o, eleitores foram \u00e0s urnas nos 28 pa\u00edses da Uni\u00e3o Europeia (UE), numa participa\u00e7\u00e3o estimada em 51% \u2013 exclu\u00eddos aqui os eleitores do Reino Unido \u2013, a mais alta dos \u00faltimos 20 anos. Ao todo, 426 milh\u00f5es de pessoas foram convocadas a votar.<\/p>\n<div class=\"dnd-widget-wrapper context-cheio_8colunas type-image\">\n<div class=\"dnd-atom-rendered\">\n<figure class=\"mejs-fotoh-wrapper\">\n<p><figure style=\"width: 754px\" class=\"wp-caption alignnone\"><img loading=\"lazy\" decoding=\"async\" class=\"img-responsive full full\" title=\"TV Reuters\/Direitos Reservados\" src=\"http:\/\/imagens.ebc.com.br\/z5krOnO4g-D1zQKCM02hWL96te0=\/754x0\/smart\/http:\/\/agenciabrasil.ebc.com.br\/sites\/default\/files\/thumbnails\/image\/2019-05-26t150700z_2_lwd0016114rbb_rtrwnev_e_7018-eu-election-voting-wrap.jpg?itok=e4tXZi2h\" alt=\"Emmanuel Macron, Uni\u00e3o Europ\u00e9ia, Elei\u00e7\u00f5es\" width=\"754\" height=\"424\" \/><figcaption class=\"wp-caption-text\">Na Fran\u00e7a, proje\u00e7\u00f5es indicam que o partido de Marine Le Pen ficou em 1\u00ba lugar: uma derrota para o presidente Emmanuel Macron \u00a0\u00a0(TV Reuters\/Direitos Reservados)<\/figcaption><\/figure><\/figure>\n<\/div>\n<\/div>\n<p>As elei\u00e7\u00f5es deste ano foram vistas como um teste da influ\u00eancia dos movimentos nacionalistas, populistas e de extrema direita, que ganharam for\u00e7a no continente nos \u00faltimos anos e influenciaram decis\u00f5es importantes, como a sa\u00edda do Reino Unido da Uni\u00e3o Europeia.<\/p>\n<p>O pleito ainda op\u00f4s, de um lado, os defensores de uma UE mais unida e, de outro, aqueles que consideram o bloco um corpo burocr\u00e1tico e intervencionista e defendem a restri\u00e7\u00e3o da imigra\u00e7\u00e3o e que o poder retorne para as m\u00e3os dos governos nacionais.<\/p>\n<p>Enquanto partidos pr\u00f3-UE ainda devem ficar com uma fatia significativa do Legislativo sediado em Bruxelas e Estrasburgo \u2013 proje\u00e7\u00f5es apontam que eles ocupem cerca de dois ter\u00e7os das 751 cadeiras \u2013, seus advers\u00e1rios tiveram ganhos significativos.<\/p>\n<p>Na Fran\u00e7a, proje\u00e7\u00f5es indicam que o partido ultradireitista e anti-imigra\u00e7\u00e3o Reuni\u00e3o Nacional, de Marine Le Pen, despontou em primeiro lugar, em surpreendente rev\u00e9s para a legenda centrista do presidente Emmanuel Macron, que faz da integra\u00e7\u00e3o da UE o mote de seu governo.<\/p>\n<p>Derrotada por Macron na \u00faltima elei\u00e7\u00e3o francesa, Le Pen afirmou que o resultado &#8220;confirma a nova divis\u00e3o nacionalista e globalista&#8221; na Fran\u00e7a e em outros lugares do mundo.<\/p>\n<p>As proje\u00e7\u00f5es na Alemanha, o maior pa\u00eds da Uni\u00e3o Europeia, tamb\u00e9m mostram quedas dr\u00e1sticas para o partido da chanceler federal, Angela Merkel, e seu parceiro de coaliz\u00e3o de centro-esquerda, enquanto os verdes cresceram consideravelmente \u2013 tornando-se o segundo maior partido \u2013, e os populistas de direita ganharam um pouco mais de for\u00e7a.<\/p>\n<p>O ministro do Interior e vice-primeiro-ministro italiano, Matteo Salvini, figura importante entre os nacionalistas linha-dura e anti-imigra\u00e7\u00e3o, disse ter sentido &#8220;uma mudan\u00e7a no ar&#8221; e adiantou que a vit\u00f3ria de seu partido \u2013 a ultradireitista Liga, projetada para se tornar a principal for\u00e7a da It\u00e1lia \u2013 &#8220;mudaria tudo na Europa&#8221;.<\/p>\n<p>Para o alem\u00e3o Manfred Weber, candidato do Partido Popular Europeu (EPP), a maior bancada do Parlamento Europeu, estas elei\u00e7\u00f5es foram marcadas pelo enfraquecimento do centro pol\u00edtico tradicional e, por isso, \u00e9 &#8220;mais do que necess\u00e1rio que as for\u00e7as que acreditam nesta Europa, que querem levar esta Europa a um bom futuro e que t\u00eam ambi\u00e7\u00f5es para esta Europa&#8221; trabalhem unidas.<\/p>\n<h2>Mudan\u00e7a de ares<\/h2>\n<p>S\u00e3o muitos os fatores que podem ter contribu\u00eddo para essa mudan\u00e7a de ares no continente. A Europa foi bastante afetada nos \u00faltimos anos pela crise migrat\u00f3ria de pa\u00edses do Oriente M\u00e9dio e da \u00c1frica, al\u00e9m de ataques mortais perpetrados por extremistas isl\u00e2micos.<\/p>\n<p>Tamb\u00e9m houve crescentes tens\u00f5es em torno da desigualdade econ\u00f4mica e forte avers\u00e3o ao establishment pol\u00edtico \u2013 sentimentos n\u00e3o muito diferentes dos que levaram \u00e0 elei\u00e7\u00e3o de Donald Trump nos Estados Unidos.<\/p>\n<p>O primeiro-ministro cada vez mais autorit\u00e1rio da Hungria, Viktor Orb\u00e1n, um poss\u00edvel aliado do italiano Salvini, disse esperar que estas elei\u00e7\u00f5es tragam uma mudan\u00e7a favor\u00e1vel a partidos pol\u00edticos contr\u00e1rios \u00e0 imigra\u00e7\u00e3o. Para ele, o tema ser\u00e1 o respons\u00e1vel por &#8220;reorganizar o espectro pol\u00edtico na Uni\u00e3o Europeia&#8221;.<\/p>\n<p>Por outro lado, os defensores de uma UE mais unida, liderados pelo franc\u00eas Macron, argumentam que quest\u00f5es como mudan\u00e7as clim\u00e1ticas e imigra\u00e7\u00e3o s\u00e3o muito amplas para qualquer pa\u00eds resolver sozinho.<\/p>\n<p>O presidente franc\u00eas, cujo pa\u00eds foi abalado nos \u00faltimos meses pelo movimento populista dos coletes amarelos, descreveu as elei\u00e7\u00f5es deste ano como &#8220;as mais importantes desde 1979, porque a Uni\u00e3o Europeia enfrenta um risco existencial&#8221; por parte dos nacionalistas que buscam dividir o bloco.<\/p>\n<h2>Extrema direita<\/h2>\n<p>A ascens\u00e3o dos populistas euroc\u00e9ticos, contudo, n\u00e3o foi tend\u00eancia em todos os pa\u00edses. O Partido da Liberdade da \u00c1ustria (FP\u00d6), de extrema direita, deve ficar em terceiro lugar no pa\u00eds depois de ser atingido por um esc\u00e2ndalo de corrup\u00e7\u00e3o durante a campanha \u2013 o que levou ao colapso da coaliz\u00e3o de governo e \u00e0 ren\u00fancia do vice-chanceler federal.<\/p>\n<p>Na Holanda, o Partido para a Liberdade (PVV), liderado pelo populista antieuro e antimigra\u00e7\u00e3o Geert Wilders, deve perder todos os seus assentos no Parlamento Europeu enquanto as proje\u00e7\u00f5es apontam para uma vit\u00f3ria dos social-democratas.<\/p>\n<p>Analistas duvidam da capacidade dos populistas de formarem uma coaliz\u00e3o efetiva \u2013 como almeja Salvini \u2013, dadas as diferen\u00e7as em quest\u00f5es-chave, como as rela\u00e7\u00f5es com a R\u00fassia.<br \/>\nOs populistas &#8220;alcan\u00e7aram o mesmo tamanho de onda, talvez um pouco maior, do que em 2014, mas n\u00e3o h\u00e1 um tsunami&#8221;, disse Sebastien Maillard, diretor do instituto Jacques Delors. Ele prev\u00ea que os euroc\u00e9ticos n\u00e3o ser\u00e3o capazes de &#8220;perturbar a vida democr\u00e1tica&#8221; no pr\u00f3ximo parlamento.<\/p>\n<h2>A disposi\u00e7\u00e3o das bancadas<\/h2>\n<p>O resultado destas elei\u00e7\u00f5es pode deixar as duas principais bancadas do Parlamento Europeu, o EPP e os Socialistas &amp; Democratas (S&amp;D), sem maioria, abrindo caminho para complicadas negocia\u00e7\u00f5es para a forma\u00e7\u00e3o de uma coaliz\u00e3o.<\/p>\n<p>Com isso, os verdes e os liberais da Alian\u00e7a dos Liberais e Democratas pela Europa (ALDE) devem se tornar for\u00e7as decisivas.<\/p>\n","protected":false},"excerpt":{"rendered":"<p>As elei\u00e7\u00f5es mais disputadas para o Parlamento Europeu em d\u00e9cadas chegaram ao fim neste domingo&#8230;<\/p>\n","protected":false},"author":1,"featured_media":0,"comment_status":"closed","ping_status":"closed","sticky":false,"template":"","format":"standard","meta":{"footnotes":""},"categories":[15],"tags":[],"class_list":["post-31284","post","type-post","status-publish","format-standard","hentry","category-internacional"],"_links":{"self":[{"href":"https:\/\/www.corumbaonline.com.br\/news\/wp-json\/wp\/v2\/posts\/31284","targetHints":{"allow":["GET"]}}],"collection":[{"href":"https:\/\/www.corumbaonline.com.br\/news\/wp-json\/wp\/v2\/posts"}],"about":[{"href":"https:\/\/www.corumbaonline.com.br\/news\/wp-json\/wp\/v2\/types\/post"}],"author":[{"embeddable":true,"href":"https:\/\/www.corumbaonline.com.br\/news\/wp-json\/wp\/v2\/users\/1"}],"replies":[{"embeddable":true,"href":"https:\/\/www.corumbaonline.com.br\/news\/wp-json\/wp\/v2\/comments?post=31284"}],"version-history":[{"count":1,"href":"https:\/\/www.corumbaonline.com.br\/news\/wp-json\/wp\/v2\/posts\/31284\/revisions"}],"predecessor-version":[{"id":31286,"href":"https:\/\/www.corumbaonline.com.br\/news\/wp-json\/wp\/v2\/posts\/31284\/revisions\/31286"}],"wp:attachment":[{"href":"https:\/\/www.corumbaonline.com.br\/news\/wp-json\/wp\/v2\/media?parent=31284"}],"wp:term":[{"taxonomy":"category","embeddable":true,"href":"https:\/\/www.corumbaonline.com.br\/news\/wp-json\/wp\/v2\/categories?post=31284"},{"taxonomy":"post_tag","embeddable":true,"href":"https:\/\/www.corumbaonline.com.br\/news\/wp-json\/wp\/v2\/tags?post=31284"}],"curies":[{"name":"wp","href":"https:\/\/api.w.org\/{rel}","templated":true}]}}