{"id":31297,"date":"2019-05-27T10:22:31","date_gmt":"2019-05-27T14:22:31","guid":{"rendered":"http:\/\/www.corumbaonline.com.br\/news\/?p=31297"},"modified":"2019-05-27T11:20:44","modified_gmt":"2019-05-27T15:20:44","slug":"vasco-mantem-a-sina-de-levar-gols-no-finalzinho","status":"publish","type":"post","link":"https:\/\/www.corumbaonline.com.br\/news\/vasco-mantem-a-sina-de-levar-gols-no-finalzinho\/","title":{"rendered":"Vasco mant\u00e9m a sina de levar gols no finalzinho"},"content":{"rendered":"<p>A vit\u00f3ria parecia consolidada e seria a primeira com Vanderlei Luxemburgo no comando da equipe. Mas o placar de 1 a 0 para o Vasco sobre o Fortaleza mudou aos 43 minutos do segundo tempo, com o gol de empate do time cearense, num chute de fora da \u00e1rea de Romarinho, no Castel\u00e3o. O resultado desse jogo, no domingo (26), pela 6\u00aa rodada do Brasileiro, lembra o da semana passada, quando o Vasco vencia o Ava\u00ed por 1 a 0 em S\u00e3o Janu\u00e1rio e cedeu o empate aos 49 minutos do segundo tempo.<\/p>\n<p>Com esses dois empates, o Vasco deixou escapar quatro pontos. Permanece, portanto, na \u00faltima posi\u00e7\u00e3o na tabela. Essa sina de levar gols no finalzinho das partidas j\u00e1 tinha acometido o time carioca outras vezes, na atual temporada.<\/p>\n<p class=\"text\">No dia 1\u00b0 de maio, em S\u00e3o Janu\u00e1rio, o Vasco empatava com o Atl\u00e9tico-MG e seguia em busca da vit\u00f3ria. Mas, num descuido, permitiu que Char\u00e1 se livrasse da marca\u00e7\u00e3o de Vald\u00edvia e marcasse 2 a 1 para o Galo, aos 44 minutos da etapa final. N\u00e3o havia mais tempo para reagir.<\/p>\n<p class=\"text\">Pouco antes, na estreia no Brasileiro, o time tamb\u00e9m levou um gol nos instantes finais do jogo. Foi contra o Athletico-PR, na Arena da Baixada. No caso, como os donos da casa j\u00e1 estavam com boa vantagem, o gol de Nik\u00e3o, aos 40 do segundo tempo, n\u00e3o teve peso determinante nos tr\u00eas pontos do Athletico, que venceu por 4 a 1.<\/p>\n<p class=\"text\">Voltando um pouco mais no tempo, chegamos \u00e0 final da Ta\u00e7a Rio, o segundo turno do Carioca. No Maracan\u00e3 lotado, em 31 de mar\u00e7o, o Vasco derrotava o Flamengo por 1 a 0 e garantia o t\u00edtulo at\u00e9 os 48 minutos do segundo tempo. Arrascaeta empatou e estragou a festa vasca\u00edna. Na disputa dos p\u00eanaltis, o Flamengo se sagrou campe\u00e3o.<\/p>\n<p class=\"text\">Resta agora a Vanderlei Luxemburgo solucionar o mais r\u00e1pido poss\u00edvel esse problema cr\u00f4nico do Vasco em 2019. Sen\u00e3o, vai ser dif\u00edcil deixar a zona de rebaixamento do Brasileiro.<\/p>\n","protected":false},"excerpt":{"rendered":"<p>A vit\u00f3ria parecia consolidada e seria a primeira com Vanderlei Luxemburgo no comando da equipe&#8230;.<\/p>\n","protected":false},"author":1,"featured_media":0,"comment_status":"closed","ping_status":"closed","sticky":false,"template":"","format":"standard","meta":{"footnotes":""},"categories":[11],"tags":[],"class_list":["post-31297","post","type-post","status-publish","format-standard","hentry","category-esporte"],"_links":{"self":[{"href":"https:\/\/www.corumbaonline.com.br\/news\/wp-json\/wp\/v2\/posts\/31297","targetHints":{"allow":["GET"]}}],"collection":[{"href":"https:\/\/www.corumbaonline.com.br\/news\/wp-json\/wp\/v2\/posts"}],"about":[{"href":"https:\/\/www.corumbaonline.com.br\/news\/wp-json\/wp\/v2\/types\/post"}],"author":[{"embeddable":true,"href":"https:\/\/www.corumbaonline.com.br\/news\/wp-json\/wp\/v2\/users\/1"}],"replies":[{"embeddable":true,"href":"https:\/\/www.corumbaonline.com.br\/news\/wp-json\/wp\/v2\/comments?post=31297"}],"version-history":[{"count":1,"href":"https:\/\/www.corumbaonline.com.br\/news\/wp-json\/wp\/v2\/posts\/31297\/revisions"}],"predecessor-version":[{"id":31300,"href":"https:\/\/www.corumbaonline.com.br\/news\/wp-json\/wp\/v2\/posts\/31297\/revisions\/31300"}],"wp:attachment":[{"href":"https:\/\/www.corumbaonline.com.br\/news\/wp-json\/wp\/v2\/media?parent=31297"}],"wp:term":[{"taxonomy":"category","embeddable":true,"href":"https:\/\/www.corumbaonline.com.br\/news\/wp-json\/wp\/v2\/categories?post=31297"},{"taxonomy":"post_tag","embeddable":true,"href":"https:\/\/www.corumbaonline.com.br\/news\/wp-json\/wp\/v2\/tags?post=31297"}],"curies":[{"name":"wp","href":"https:\/\/api.w.org\/{rel}","templated":true}]}}