{"id":31341,"date":"2019-05-28T09:00:53","date_gmt":"2019-05-28T13:00:53","guid":{"rendered":"http:\/\/www.corumbaonline.com.br\/news\/?p=31341"},"modified":"2019-05-28T10:54:38","modified_gmt":"2019-05-28T14:54:38","slug":"corumba-participa-da-25a-bolsa-de-negocios-e-turismo-bnt-mercosul","status":"publish","type":"post","link":"https:\/\/www.corumbaonline.com.br\/news\/corumba-participa-da-25a-bolsa-de-negocios-e-turismo-bnt-mercosul\/","title":{"rendered":"Corumb\u00e1 participa da 25\u00aa Bolsa de Neg\u00f3cios e Turismo \u2013 BNT Mercosul"},"content":{"rendered":"<p>No \u00faltimo final de semana, a Prefeitura Municipal de Corumb\u00e1, por meio da Funda\u00e7\u00e3o de Turismo do Pantanal, participou da 25\u00aa Bolsa de Neg\u00f3cios e Turismo \u2013 BNT Mercosul, em Itaja\u00ed \u2013 SC. O evento \u00e9 destinado a promo\u00e7\u00e3o de destinos, servi\u00e7os e atrativos tur\u00edsticos que re\u00fane operadores, agentes de viagens, jornalistas e profissionais do setor do Brasil e da Am\u00e9rica do Sul.<\/p>\n<p>A Funda\u00e7\u00e3o de Turismo do Pantanal, com o apoio da Fundtur-MS e parceria do SEBRAE, tamb\u00e9m capacitou profissionais do setor com palestra sobre o destino, al\u00e9m de realizar atendimento personalizado aos que visitaram o estande do Estado.<\/p>\n<p>A\u00e7\u00f5es de promo\u00e7\u00e3o como esta s\u00e3o de extrema import\u00e2ncia para que a informa\u00e7\u00e3o chegue ao p\u00fablico-alvo, seja ele consumidor final ou operadores e agentes de viagens que j\u00e1 vendem o destino ou passar\u00e3o a incluir Corumb\u00e1 em seu portf\u00f3lio.<\/p>\n<p><strong>\u00a0Sobre a feira<\/strong><\/p>\n<p>A BNT Mercosul \u00e9 uma das mais importantes feiras de neg\u00f3cios do setor no Brasil. Re\u00fane profissionais de turismo para a realiza\u00e7\u00e3o de neg\u00f3cios entre fornecedores e compradores do Brasil e da Am\u00e9rica do Sul, criando um cen\u00e1rio ideal para quem pretende divulgar destinos, fechar neg\u00f3cios e fazer contatos comerciais. Na \u00faltima edi\u00e7\u00e3o, o evento contou com mais de 6 mil participantes.<\/p>\n","protected":false},"excerpt":{"rendered":"<p>No \u00faltimo final de semana, a Prefeitura Municipal de Corumb\u00e1, por meio da Funda\u00e7\u00e3o de&#8230;<\/p>\n","protected":false},"author":1,"featured_media":31342,"comment_status":"closed","ping_status":"closed","sticky":false,"template":"","format":"standard","meta":{"footnotes":""},"categories":[23],"tags":[],"class_list":["post-31341","post","type-post","status-publish","format-standard","has-post-thumbnail","hentry","category-turismo"],"_links":{"self":[{"href":"https:\/\/www.corumbaonline.com.br\/news\/wp-json\/wp\/v2\/posts\/31341","targetHints":{"allow":["GET"]}}],"collection":[{"href":"https:\/\/www.corumbaonline.com.br\/news\/wp-json\/wp\/v2\/posts"}],"about":[{"href":"https:\/\/www.corumbaonline.com.br\/news\/wp-json\/wp\/v2\/types\/post"}],"author":[{"embeddable":true,"href":"https:\/\/www.corumbaonline.com.br\/news\/wp-json\/wp\/v2\/users\/1"}],"replies":[{"embeddable":true,"href":"https:\/\/www.corumbaonline.com.br\/news\/wp-json\/wp\/v2\/comments?post=31341"}],"version-history":[{"count":1,"href":"https:\/\/www.corumbaonline.com.br\/news\/wp-json\/wp\/v2\/posts\/31341\/revisions"}],"predecessor-version":[{"id":31343,"href":"https:\/\/www.corumbaonline.com.br\/news\/wp-json\/wp\/v2\/posts\/31341\/revisions\/31343"}],"wp:featuredmedia":[{"embeddable":true,"href":"https:\/\/www.corumbaonline.com.br\/news\/wp-json\/wp\/v2\/media\/31342"}],"wp:attachment":[{"href":"https:\/\/www.corumbaonline.com.br\/news\/wp-json\/wp\/v2\/media?parent=31341"}],"wp:term":[{"taxonomy":"category","embeddable":true,"href":"https:\/\/www.corumbaonline.com.br\/news\/wp-json\/wp\/v2\/categories?post=31341"},{"taxonomy":"post_tag","embeddable":true,"href":"https:\/\/www.corumbaonline.com.br\/news\/wp-json\/wp\/v2\/tags?post=31341"}],"curies":[{"name":"wp","href":"https:\/\/api.w.org\/{rel}","templated":true}]}}