{"id":31344,"date":"2019-05-28T09:38:05","date_gmt":"2019-05-28T13:38:05","guid":{"rendered":"http:\/\/www.corumbaonline.com.br\/news\/?p=31344"},"modified":"2019-05-28T11:03:42","modified_gmt":"2019-05-28T15:03:42","slug":"esfaqueamento-em-massa-nas-proximidades-de-toquio","status":"publish","type":"post","link":"https:\/\/www.corumbaonline.com.br\/news\/esfaqueamento-em-massa-nas-proximidades-de-toquio\/","title":{"rendered":"Esfaqueamento em massa nas proximidades de T\u00f3quio"},"content":{"rendered":"<p>A pol\u00edcia japonesa afirmou que um homem e uma crian\u00e7a foram mortos em um esfaqueamento em massa hoje (28) nas proximidades de T\u00f3quio. Em consequ\u00eancia do ataque, houve tamb\u00e9m 17 feridos. Segundo as autoridades, o agressor tamb\u00e9m morreu de ferimentos autoinfligidos.<\/p>\n<p>O ataque ocorreu por volta das 7h45 quando um grupo de estudantes do ensino prim\u00e1rio esperava um \u00f4nibus escolar em Kawasaki, cidade da prov\u00edncia de Kanagawa.<\/p>\n<div class=\"dnd-widget-wrapper context-cheio_8colunas type-image\">\n<div class=\"dnd-atom-rendered\">\n<figure class=\"mejs-fotoh-wrapper\">\n<p><figure style=\"width: 754px\" class=\"wp-caption alignnone\"><img loading=\"lazy\" decoding=\"async\" class=\"img-responsive full full\" title=\"Mandatory credit Kyodo\/via REUTERS\" src=\"http:\/\/imagens.ebc.com.br\/6c7rjR-SLrCTdsCAyIa467KAfEA=\/754x0\/smart\/http:\/\/agenciabrasil.ebc.com.br\/sites\/default\/files\/thumbnails\/image\/2019-05-28t051756z_1584149353_rc1e3d8438d0_rtrmadp_3_japan-stabbing.jpg?itok=yTvfO9lW\" alt=\"Jap\u00e3o, ataque, morte\" width=\"754\" height=\"587\" \/><figcaption class=\"wp-caption-text\">O agressor chegou a ser detido nas proximidades do local do crime, mas feriu-se com as facas e morreu posteriormente (Kyodo\/via REUTERS)<\/figcaption><\/figure><\/figure>\n<\/div>\n<div class=\"dnd-caption-wrapper\">\n<div class=\"meta\">Segundo relatos de testemunhas, um homem, aparentemente de 50 anos, se aproximou do grupo com facas e passou a atacar as pessoas.<\/div>\n<\/div>\n<\/div>\n<p>Policiais e bombeiros disseram que 17 crian\u00e7as, um homem e uma mulher foram hospitalizados por causa de ferimentos. Uma menina de 11 anos e um homem de 39 anos, que faziam parte do grupo, morreram posteriormente.<\/p>\n<p>De acordo com fontes pr\u00f3ximas \u00e0s investiga\u00e7\u00f5es, o homem foi esfaqueado nas costas e era pai de uma das crian\u00e7as presentes no local.<\/p>\n<p>A pol\u00edcia acredita que o suspeito morava em Kawasaki. Ele chegou a ser detido nas proximidades do local do crime, mas tinha esfaqueado a si mesmo no pesco\u00e7o e estava inconsciente. O suspeito morreu mais tarde no hospital.<\/p>\n<p>Segundo as autoridades, foram encontradas duas facas no local e o caso est\u00e1 sendo investigado como homic\u00eddio .<\/p>\n","protected":false},"excerpt":{"rendered":"<p>A pol\u00edcia japonesa afirmou que um homem e uma crian\u00e7a foram mortos em um esfaqueamento&#8230;<\/p>\n","protected":false},"author":1,"featured_media":0,"comment_status":"closed","ping_status":"closed","sticky":false,"template":"","format":"standard","meta":{"footnotes":""},"categories":[15],"tags":[],"class_list":["post-31344","post","type-post","status-publish","format-standard","hentry","category-internacional"],"_links":{"self":[{"href":"https:\/\/www.corumbaonline.com.br\/news\/wp-json\/wp\/v2\/posts\/31344","targetHints":{"allow":["GET"]}}],"collection":[{"href":"https:\/\/www.corumbaonline.com.br\/news\/wp-json\/wp\/v2\/posts"}],"about":[{"href":"https:\/\/www.corumbaonline.com.br\/news\/wp-json\/wp\/v2\/types\/post"}],"author":[{"embeddable":true,"href":"https:\/\/www.corumbaonline.com.br\/news\/wp-json\/wp\/v2\/users\/1"}],"replies":[{"embeddable":true,"href":"https:\/\/www.corumbaonline.com.br\/news\/wp-json\/wp\/v2\/comments?post=31344"}],"version-history":[{"count":2,"href":"https:\/\/www.corumbaonline.com.br\/news\/wp-json\/wp\/v2\/posts\/31344\/revisions"}],"predecessor-version":[{"id":31348,"href":"https:\/\/www.corumbaonline.com.br\/news\/wp-json\/wp\/v2\/posts\/31344\/revisions\/31348"}],"wp:attachment":[{"href":"https:\/\/www.corumbaonline.com.br\/news\/wp-json\/wp\/v2\/media?parent=31344"}],"wp:term":[{"taxonomy":"category","embeddable":true,"href":"https:\/\/www.corumbaonline.com.br\/news\/wp-json\/wp\/v2\/categories?post=31344"},{"taxonomy":"post_tag","embeddable":true,"href":"https:\/\/www.corumbaonline.com.br\/news\/wp-json\/wp\/v2\/tags?post=31344"}],"curies":[{"name":"wp","href":"https:\/\/api.w.org\/{rel}","templated":true}]}}