{"id":3145,"date":"2017-04-16T10:00:54","date_gmt":"2017-04-16T14:00:54","guid":{"rendered":"http:\/\/www.corumbaonline.com.br\/news\/?p=3145"},"modified":"2017-04-16T11:52:34","modified_gmt":"2017-04-16T15:52:34","slug":"campanha-de-vacinacao-contra-gripe-comeca-amanha-meta-e-imunizar-mais-de-28-mil","status":"publish","type":"post","link":"https:\/\/www.corumbaonline.com.br\/news\/campanha-de-vacinacao-contra-gripe-comeca-amanha-meta-e-imunizar-mais-de-28-mil\/","title":{"rendered":"Campanha de vacina\u00e7\u00e3o contra gripe come\u00e7a amanh\u00e3; meta \u00e9 imunizar mais de 28 mil"},"content":{"rendered":"<p>A 19\u00ba Campanha Nacional de Vacina\u00e7\u00e3o contra a Influenza come\u00e7a nesta segunda-feira, 17 de abril. Em Corumb\u00e1, os trabalhos s\u00e3o coordenados pela Secretaria Municipal de Sa\u00fade e a meta \u00e9 imunizar 28.329 pessoas que integram os grupos priorit\u00e1rios.<\/p>\n<p>Neste ano, a campanha \u00e9 dividida em 4 etapas. Na primeira, que come\u00e7a amanh\u00e3\u00a0(17), receber\u00e3o a dose as crian\u00e7as de 6 meses a menores de 2 anos de idade (1 ano 11meses e 29 dias) e os profissionais de sa\u00fade.<\/p>\n<p>A partir do dia 24 de abril ser\u00e3o imunizadas as gestantes, pu\u00e9rperas e crian\u00e7as de 2 anos a menores de 5 anos ( 4 anos 11meses e 29 dias). J\u00e1 a partir do dia 2 de maio, receber\u00e3o a vacina os idosos com comorbidades, ind\u00edgenas, privados de liberdade, funcion\u00e1rios do sistema prisional e professores.<\/p>\n<p>O Dia D da Campanha Nacional ser\u00e1 em 13 de maio, quando 12 Unidades B\u00e1sicas de Sa\u00fade (UBS) de Corumb\u00e1 funcionar\u00e3o das 8h \u00e0s 16h30 para atender todas as pessoas que integram os grupos priorit\u00e1rios.<\/p>\n<p>As UBS Beira Rio, Kadw\u00e9us, Nova Corumb\u00e1, Breno de Medeiros, Popular Velha, Padre Ernesto Sassida, Luiz Fragelli, Humberto Pereira, Aeroporto II, Pedro Paulo II, Gast\u00e3o de Oliveira e Fernando Moutinho ficar\u00e3o abertas ao p\u00fablico durante o Dia D.<\/p>\n<p>Grupo priorit\u00e1rio<\/p>\n<p>Al\u00e9m dos profissionais de educa\u00e7\u00e3o, fazem parte do p\u00fablico-alvo pessoas com 60 anos ou mais, crian\u00e7as na faixa et\u00e1ria de seis meses a quatro anos, 11 meses e 29 dias de idade, gestantes, mulheres com at\u00e9 45 dias ap\u00f3s o parto, trabalhadores de sa\u00fade, povos ind\u00edgenas, grupos portadores de doen\u00e7as cr\u00f4nicas e outras condi\u00e7\u00f5es cl\u00ednicas, popula\u00e7\u00e3o privada de liberdade e profissionais do sistema prisional.<\/p>\n<p>A estimativa da Secretaria Municipal de Sa\u00fade \u00e9 vacinar 2.538 profissionais de sa\u00fade; 3.048 crian\u00e7as de 6 meses a 2 anos; 5.282 crian\u00e7as de 2 a 4 anos; 1.524 gestantes; 251 pu\u00e9rperas; 160 ind\u00edgenas; 9.729 idosos; 4.819 idosos com comorbidades; 766 privados de liberdade; e 212 funcion\u00e1rios do sistema prisional.<\/p>\n","protected":false},"excerpt":{"rendered":"<p>A 19\u00ba Campanha Nacional de Vacina\u00e7\u00e3o contra a Influenza come\u00e7a nesta segunda-feira, 17 de abril&#8230;.<\/p>\n","protected":false},"author":1,"featured_media":3146,"comment_status":"closed","ping_status":"closed","sticky":false,"template":"","format":"standard","meta":{"footnotes":""},"categories":[8,21],"tags":[],"class_list":["post-3145","post","type-post","status-publish","format-standard","has-post-thumbnail","hentry","category-destaque","category-saude"],"_links":{"self":[{"href":"https:\/\/www.corumbaonline.com.br\/news\/wp-json\/wp\/v2\/posts\/3145","targetHints":{"allow":["GET"]}}],"collection":[{"href":"https:\/\/www.corumbaonline.com.br\/news\/wp-json\/wp\/v2\/posts"}],"about":[{"href":"https:\/\/www.corumbaonline.com.br\/news\/wp-json\/wp\/v2\/types\/post"}],"author":[{"embeddable":true,"href":"https:\/\/www.corumbaonline.com.br\/news\/wp-json\/wp\/v2\/users\/1"}],"replies":[{"embeddable":true,"href":"https:\/\/www.corumbaonline.com.br\/news\/wp-json\/wp\/v2\/comments?post=3145"}],"version-history":[{"count":1,"href":"https:\/\/www.corumbaonline.com.br\/news\/wp-json\/wp\/v2\/posts\/3145\/revisions"}],"predecessor-version":[{"id":3147,"href":"https:\/\/www.corumbaonline.com.br\/news\/wp-json\/wp\/v2\/posts\/3145\/revisions\/3147"}],"wp:featuredmedia":[{"embeddable":true,"href":"https:\/\/www.corumbaonline.com.br\/news\/wp-json\/wp\/v2\/media\/3146"}],"wp:attachment":[{"href":"https:\/\/www.corumbaonline.com.br\/news\/wp-json\/wp\/v2\/media?parent=3145"}],"wp:term":[{"taxonomy":"category","embeddable":true,"href":"https:\/\/www.corumbaonline.com.br\/news\/wp-json\/wp\/v2\/categories?post=3145"},{"taxonomy":"post_tag","embeddable":true,"href":"https:\/\/www.corumbaonline.com.br\/news\/wp-json\/wp\/v2\/tags?post=3145"}],"curies":[{"name":"wp","href":"https:\/\/api.w.org\/{rel}","templated":true}]}}