{"id":3153,"date":"2017-04-16T10:45:47","date_gmt":"2017-04-16T14:45:47","guid":{"rendered":"http:\/\/www.corumbaonline.com.br\/news\/?p=3153"},"modified":"2017-04-16T11:04:41","modified_gmt":"2017-04-16T15:04:41","slug":"imasul-convoca-sociedade-para-discutir-lei-do-pantanal","status":"publish","type":"post","link":"https:\/\/www.corumbaonline.com.br\/news\/imasul-convoca-sociedade-para-discutir-lei-do-pantanal\/","title":{"rendered":"Imasul convoca sociedade para discutir Lei do Pantanal"},"content":{"rendered":"<p>Representantes dos Governos federal e estadual e entidades da sociedade civil discutem nesta ter\u00e7a-feira (18), das 8h \u00e0s 18h, no audit\u00f3rio do Instituto de Meio Ambiente de Mato Grosso do Sul (Imasul) o projeto de Lei em tramita\u00e7\u00e3o no Congresso Nacional que pretende regulamentar as atividades produtivas e tra\u00e7ar demais diretrizes para a regi\u00e3o do Pantanal.<\/p>\n<p>O Di\u00e1logo sobre o Pantanal \u00e9 promovido pela Secretaria de Meio Ambiente, Desenvolvimento Econ\u00f4mico, Produ\u00e7\u00e3o e Agricultura Familiar (Semagro), por meio do Imasul, com apoio do Wildlife Conservation Society (WCS) e do World Wildlife Fund (WWF) Brasil.<\/p>\n<p>O objetivo do encontro, segundo o secret\u00e1rio da Semagro, Jaime Verruck, \u00e9 alinhar as vis\u00f5es acerca do projeto de Lei 750\/2011, conhecido como Lei do Pantanal. A iniciativa integra o trabalho de mobiliza\u00e7\u00e3o realizado pelo Minist\u00e9rio do Meio Ambiente em outubro do ano passado, que culminou na assinatura da carta Caiman por \u00f3rg\u00e3os p\u00fablicos estaduais e entidades parceiras, visando preservar o Pantanal e promover o desenvolvimento econ\u00f4mico e social da regi\u00e3o.<\/p>\n<p>\u201c\u00c9 importante que todos os atores envolvidos conhe\u00e7am o que disp\u00f5e este projeto de lei sobre a pol\u00edtica de gest\u00e3o e prote\u00e7\u00e3o do Bioma Pantanal, possam discuti-lo, possam defender seus interesses, de maneira que se construa uma proposta comum, em que a produ\u00e7\u00e3o caminhe dentro dos preceitos da sustentabilidade\u201d, observou a diretora de Desenvolvimento do Imasul, Tha\u00eds Caramori.<\/p>\n<p>O projeto est\u00e1 atualmente est\u00e1 em fase de revis\u00e3o pelas comiss\u00f5es no Senado Federal. A expectativa \u00e9 construir uma an\u00e1lise propositiva sobre a\u00e7\u00f5es de conserva\u00e7\u00e3o e restaura\u00e7\u00e3o ambiental, como, por exemplo, o financiamento de a\u00e7\u00f5es de pesquisas e a promo\u00e7\u00e3o do desenvolvimento sustent\u00e1vel da regi\u00e3o, a preserva\u00e7\u00e3o de seus recursos naturais e a valoriza\u00e7\u00e3o da cultura e saberes tradicionais das comunidades pantaneiras.<\/p>\n<p>A programa\u00e7\u00e3o prev\u00ea um debate t\u00e9cnico qualificado sobre o texto com a participa\u00e7\u00e3o de t\u00e9cnicos do Instituto Nacional de Ci\u00eancia e Tecnologia em \u00c1reas Umidas (Inau), al\u00e9m da apresenta\u00e7\u00e3o da proposta de corredores da biodiversidade e o lan\u00e7amento da revista da WCS e Repams.<\/p>\n<p>Esta \u00e9 a primeira edi\u00e7\u00e3o do Di\u00e1logo pelo Pantanal, mas a inten\u00e7\u00e3o \u00e9 que ele fa\u00e7a parte do calend\u00e1rio de eventos anual da regi\u00e3o, de maneira a fortalecer a rela\u00e7\u00e3o interestadual e entre a sociedade civil em prol do Pantanal.<\/p>\n<p><strong>Servi\u00e7o:<\/strong><\/p>\n<p>O evento Di\u00e1logos do Pantanal acontece no dia 18 de abril, das 8h \u00e0s 18h, no audit\u00f3rio Shirley Palmeira do Imasul, na rua Desembargador Le\u00e3o do Carmo Neto, quadra 3, setor 03, Parque dos Poderes, Campo Grande MS. N\u00e3o \u00e9 necess\u00e1rio inscri\u00e7\u00e3o e todos podem participar. Mais informa\u00e7\u00f5es pelos telefones (67) 3318-6152 ou 3318-6153 ou 3318-6154.<\/p>\n","protected":false},"excerpt":{"rendered":"<p>Representantes dos Governos federal e estadual e entidades da sociedade civil discutem nesta ter\u00e7a-feira (18),&#8230;<\/p>\n","protected":false},"author":1,"featured_media":3154,"comment_status":"closed","ping_status":"closed","sticky":false,"template":"","format":"standard","meta":{"footnotes":""},"categories":[8,17],"tags":[],"class_list":["post-3153","post","type-post","status-publish","format-standard","has-post-thumbnail","hentry","category-destaque","category-meio-ambiente"],"_links":{"self":[{"href":"https:\/\/www.corumbaonline.com.br\/news\/wp-json\/wp\/v2\/posts\/3153","targetHints":{"allow":["GET"]}}],"collection":[{"href":"https:\/\/www.corumbaonline.com.br\/news\/wp-json\/wp\/v2\/posts"}],"about":[{"href":"https:\/\/www.corumbaonline.com.br\/news\/wp-json\/wp\/v2\/types\/post"}],"author":[{"embeddable":true,"href":"https:\/\/www.corumbaonline.com.br\/news\/wp-json\/wp\/v2\/users\/1"}],"replies":[{"embeddable":true,"href":"https:\/\/www.corumbaonline.com.br\/news\/wp-json\/wp\/v2\/comments?post=3153"}],"version-history":[{"count":1,"href":"https:\/\/www.corumbaonline.com.br\/news\/wp-json\/wp\/v2\/posts\/3153\/revisions"}],"predecessor-version":[{"id":3155,"href":"https:\/\/www.corumbaonline.com.br\/news\/wp-json\/wp\/v2\/posts\/3153\/revisions\/3155"}],"wp:featuredmedia":[{"embeddable":true,"href":"https:\/\/www.corumbaonline.com.br\/news\/wp-json\/wp\/v2\/media\/3154"}],"wp:attachment":[{"href":"https:\/\/www.corumbaonline.com.br\/news\/wp-json\/wp\/v2\/media?parent=3153"}],"wp:term":[{"taxonomy":"category","embeddable":true,"href":"https:\/\/www.corumbaonline.com.br\/news\/wp-json\/wp\/v2\/categories?post=3153"},{"taxonomy":"post_tag","embeddable":true,"href":"https:\/\/www.corumbaonline.com.br\/news\/wp-json\/wp\/v2\/tags?post=3153"}],"curies":[{"name":"wp","href":"https:\/\/api.w.org\/{rel}","templated":true}]}}