{"id":31625,"date":"2019-06-05T15:36:32","date_gmt":"2019-06-05T19:36:32","guid":{"rendered":"http:\/\/www.corumbaonline.com.br\/news\/?p=31625"},"modified":"2019-06-05T16:01:25","modified_gmt":"2019-06-05T20:01:25","slug":"prefeitura-reforca-conscientizacao-com-campanha-de-combate-ao-feminicidio","status":"publish","type":"post","link":"https:\/\/www.corumbaonline.com.br\/news\/prefeitura-reforca-conscientizacao-com-campanha-de-combate-ao-feminicidio\/","title":{"rendered":"Prefeitura refor\u00e7a conscientiza\u00e7\u00e3o com campanha de combate ao feminic\u00eddio"},"content":{"rendered":"<p>A campanha de combate ao feminic\u00eddio, desenvolvida pela Coordenadoria de Pol\u00edticas P\u00fablicas para a Mulher da Prefeitura de Corumb\u00e1, foi apresentada na noite da ter\u00e7a-feira, 04 de junho, durante sess\u00e3o ordin\u00e1ria da C\u00e2mara de Vereadores. A primeira-dama e secret\u00e1ria Especial de Cidadania e Direitos Humano, Amanda Balancieri Iunes, participou da sess\u00e3o.<\/p>\n<p>A a\u00e7\u00e3o visa sensibilizar e conscientizar toda a sociedade das consequ\u00eancias da viol\u00eancia contra a mulher, inclusive, a morte e divulgar os servi\u00e7os e mecanismos legais de prote\u00e7\u00e3o \u00e0 mulher em situa\u00e7\u00e3o de viol\u00eancia. Durante a campanha, que ser\u00e1 desenvolvida at\u00e9 07 de junho, a Coordenadoria prev\u00ea a realiza\u00e7\u00e3o de blitz educativa, rodas de conversa nas escolas e palestras nas universidades empresas da cidade.<\/p>\n<p>Coordenadora de Pol\u00edticas P\u00fablicas para a Mulher, W\u00e2nia Alecrim, apresentou um balan\u00e7o da viol\u00eancia no Mato Grosso do Sul, o terceiro estado mais violento do Brasil. Corumb\u00e1, ocupa a primeira posi\u00e7\u00e3o e o trabalho visa justamente sair dessa inc\u00f4moda posi\u00e7\u00e3o, para que a cidade n\u00e3o registre mais assassinatos como o de N\u00e1dia Sol, morta pelo ex-companheiro.<\/p>\n<p>Al\u00e9m de n\u00fameros, a coordenadora citou a Lei Estadual n\u00ba 5.202, de 30 de maio de 2018, de iniciativa do Governo do Estado, que instituiu o dia 1\u00ba de junho como o \u201cDia Estadual de Combate ao Feminic\u00eddio\u201d, com objetivo de sensibilizar e conscientizar toda a sociedade de que a viol\u00eancia sofrida pelas mulheres muitas das vezes leva \u00e0 morte violenta, divulgar os servi\u00e7os e os mecanismos legais de prote\u00e7\u00e3o \u00e0 mulher em situa\u00e7\u00e3o de viol\u00eancia e as formas de den\u00fancia.<\/p>\n<p>Amanda Iunes destacou a parceria estabelecida em Corumb\u00e1, inclusive com o Poder Legislativo, afirmando que na cidade, \u201ctodos est\u00e3o abra\u00e7ando esta causa. O Estado lan\u00e7ou a campanha e n\u00f3s aderimos\u201d, disse, lembrando que a semana ser\u00e1 de muito trabalho, para reduzir os \u00edndices de viol\u00eancia contra a mulher, \u201cque tem crescido esse ano. S\u00e3o 17 casos j\u00e1 registrados em 2019, contra 14 no mesmo per\u00edodo de 2018\u201d.<\/p>\n<p>Salientou que as parcerias s\u00e3o fundamentais e elogiou o apoio dos vereadores corumbaenses que est\u00e3o juntos na luta, inclusive apresentando propostas que contribuem para a redu\u00e7\u00e3o da viol\u00eancia.<\/p>\n<p><strong>Compromisso<\/strong><\/p>\n<p>O presidente da Casa de Leis, Roberto Fa\u00e7anha, firmou um compromisso com as institui\u00e7\u00f5es para buscar reduzir os \u00edndices na cidade: \u201cvamos entrar com um Projeto de Lei na C\u00e2mara criando o Dia Municipal de Combate ao Feminic\u00eddio, bem como a Semana Municipal de Combate ao Feminic\u00eddio. \u00c9 um compromisso assumido pelos oito vereadores aqui presentes\u201d.<\/p>\n<p>Os vereadores Tadeu Vieira, Manoel Rodrigues, Ga\u00facho da Pr\u00f3-Art, Andr\u00e9 da Farm\u00e1cia, Jo\u00e3o M\u00e1rio, Crist\u00f3v\u00e3o Contador e Paulo Bertini, tamb\u00e9m destacaram a import\u00e2ncia das a\u00e7\u00f5es de preven\u00e7\u00e3o e combate ao feminic\u00eddio, termo utilizado para classificar o assassinato de mulher, motivado por viol\u00eancia dom\u00e9stica ou discrimina\u00e7\u00e3o de g\u00eanero.<\/p>\n","protected":false},"excerpt":{"rendered":"<p>A campanha de combate ao feminic\u00eddio, desenvolvida pela Coordenadoria de Pol\u00edticas P\u00fablicas para a Mulher&#8230;<\/p>\n","protected":false},"author":1,"featured_media":31626,"comment_status":"closed","ping_status":"closed","sticky":false,"template":"","format":"standard","meta":{"footnotes":""},"categories":[8,19],"tags":[],"class_list":["post-31625","post","type-post","status-publish","format-standard","has-post-thumbnail","hentry","category-destaque","category-politica"],"_links":{"self":[{"href":"https:\/\/www.corumbaonline.com.br\/news\/wp-json\/wp\/v2\/posts\/31625","targetHints":{"allow":["GET"]}}],"collection":[{"href":"https:\/\/www.corumbaonline.com.br\/news\/wp-json\/wp\/v2\/posts"}],"about":[{"href":"https:\/\/www.corumbaonline.com.br\/news\/wp-json\/wp\/v2\/types\/post"}],"author":[{"embeddable":true,"href":"https:\/\/www.corumbaonline.com.br\/news\/wp-json\/wp\/v2\/users\/1"}],"replies":[{"embeddable":true,"href":"https:\/\/www.corumbaonline.com.br\/news\/wp-json\/wp\/v2\/comments?post=31625"}],"version-history":[{"count":1,"href":"https:\/\/www.corumbaonline.com.br\/news\/wp-json\/wp\/v2\/posts\/31625\/revisions"}],"predecessor-version":[{"id":31627,"href":"https:\/\/www.corumbaonline.com.br\/news\/wp-json\/wp\/v2\/posts\/31625\/revisions\/31627"}],"wp:featuredmedia":[{"embeddable":true,"href":"https:\/\/www.corumbaonline.com.br\/news\/wp-json\/wp\/v2\/media\/31626"}],"wp:attachment":[{"href":"https:\/\/www.corumbaonline.com.br\/news\/wp-json\/wp\/v2\/media?parent=31625"}],"wp:term":[{"taxonomy":"category","embeddable":true,"href":"https:\/\/www.corumbaonline.com.br\/news\/wp-json\/wp\/v2\/categories?post=31625"},{"taxonomy":"post_tag","embeddable":true,"href":"https:\/\/www.corumbaonline.com.br\/news\/wp-json\/wp\/v2\/tags?post=31625"}],"curies":[{"name":"wp","href":"https:\/\/api.w.org\/{rel}","templated":true}]}}