{"id":31628,"date":"2019-06-05T15:41:42","date_gmt":"2019-06-05T19:41:42","guid":{"rendered":"http:\/\/www.corumbaonline.com.br\/news\/?p=31628"},"modified":"2019-06-05T16:04:52","modified_gmt":"2019-06-05T20:04:52","slug":"acordo-assinado-na-bolivia-da-inicio-ao-projeto-de-construcao-de-termeletrica-na-regiao-de-ladario","status":"publish","type":"post","link":"https:\/\/www.corumbaonline.com.br\/news\/acordo-assinado-na-bolivia-da-inicio-ao-projeto-de-construcao-de-termeletrica-na-regiao-de-ladario\/","title":{"rendered":"Acordo assinado na Bol\u00edvia d\u00e1 in\u00edcio ao projeto de constru\u00e7\u00e3o de termel\u00e9trica na regi\u00e3o de Lad\u00e1rio"},"content":{"rendered":"<p>O acordo assinado nesta ter\u00e7a-feira (4) em Santa Cruz de la Sierra, Bol\u00edvia, rompe uma etapa importante para viabilizar a termel\u00e9trica na regi\u00e3o de Lad\u00e1rio\/Corumb\u00e1, investimento de US$ 300 milh\u00f5es da Cama\u00e7ari RJ Participa\u00e7\u00f5es.<\/p>\n<p>A produ\u00e7\u00e3o de energia el\u00e9trica ser\u00e1 feita com o g\u00e1s natural e para isso foi assinado nesta ter\u00e7a-feira documento em que a estatal boliviana Yacimientos Petrol\u00edferos Fiscales Bolivianos S\/A (YPFB) se compromete a fornecer 1,1 milh\u00e3o de metros c\u00fabicos por dia para a Termel\u00e9trica Fronteira.<\/p>\n<p>Ao participar da solenidade de assinatura do Termo de Compromisso de Fornecimento de G\u00e1s Natural pela YPFB, junto com o presidente da Bol\u00edvia, Evo Morales, e do ministro de Hidrocarburos, Luis Alberto Sanches, o governador Reinaldo Azambuja destacou a import\u00e2ncia desse ato. \u201cVamos poder juntos, governo boliviano, governo de Mato Grosso do Sul, a Global e a Cama\u00e7ari, gerar energia, ent\u00e3o voc\u00eas, al\u00e9m de fornecer o g\u00e1s, v\u00e3o ser s\u00f3cios de um empreendimento que vai poder gerar energia e irrigar as linhas de transmiss\u00e3o no Brasil\u201d, afirmou.<\/p>\n<div id=\"attachment_262416\" class=\"wp-caption alignnone\"><img loading=\"lazy\" decoding=\"async\" class=\"wp-image-262416 size-full\" src=\"http:\/\/www.ms.gov.br\/wp-content\/uploads\/sites\/150\/2019\/06\/Visita-Bol%C3%ADvia-5.jpg\" sizes=\"auto, (max-width: 672px) 100vw, 672px\" srcset=\"http:\/\/www.ms.gov.br\/wp-content\/uploads\/sites\/150\/2019\/06\/Visita-Bol\u00edvia-5.jpg 672w, http:\/\/www.ms.gov.br\/wp-content\/uploads\/sites\/150\/2019\/06\/Visita-Bol\u00edvia-5-300x166.jpg 300w\" alt=\"\" width=\"672\" height=\"372\" \/><\/p>\n<p class=\"wp-caption-text\"><em>Pelo Termo assinado a YPFB se compromete a fornecer g\u00e1s natural para a Termel\u00e9trica Fronteira produzir energia el\u00e9trica<\/em><\/p>\n<\/div>\n<p>O governador de Mato Grosso do Sul falou tamb\u00e9m do fortalecimento da integra\u00e7\u00e3o do Estado com o governo boliviano, que vem abrindo caminhos para importantes parcerias comerciais. \u201cPoder fazer essa parceria na importa\u00e7\u00e3o de ur\u00e9ia e do pot\u00e1ssio \u00e9 importante. O Brasil importa todo o pot\u00e1ssio consumido de outros pa\u00edses e hoje podemos ter outra oportunidade que \u00e9 a compra do pot\u00e1ssio produzido na Bol\u00edvia para a produ\u00e7\u00e3o agropecu\u00e1ria no Brasil. Ent\u00e3o, mais do que a assinatura de um termo de compromisso, \u00e9 firmar realmente uma integra\u00e7\u00e3o tamb\u00e9m nas \u00e1reas cultural, tur\u00edstica\u201d, afirmou Reinaldo Azambuja.<\/p>\n<p>\u201cO ato hoje do governador com o presidente Evo Morales \u00e9 a garantia de demanda de g\u00e1s para esse projeto, para que ela (a Cama\u00e7ari) possa participar do leil\u00e3o, ent\u00e3o esse \u00e9 um fato concreto que vem sendo negociado h\u00e1 mais de dois anos com o governo boliviano. Temos que lembrar que para o governo de Mato Grosso do Sul \u00e9 extremamente importante essa parceria com o governo boliviano, principalmente em fun\u00e7\u00e3o do g\u00e1s natural, n\u00e3o \u00e9 s\u00f3 para essa termel\u00e9trica, mas hoje a Bol\u00edvia \u00e9 a principal fornecedora de g\u00e1s natural para o Brasil e consequentemente de ICMS para o Mato Grosso do Sul\u201d, afirmou o secret\u00e1rio Jaime Verruck\u00a0(Meio Ambiente, Desenvolvimento Econ\u00f4mico, Produ\u00e7\u00e3o e Agricultura Familiar)<\/p>\n<p><strong>A Termel\u00e9trica Fronteira<\/strong><\/p>\n<p>Nesse empreendimento a ser erguido entre Lad\u00e1rio e Corumb\u00e1, a Cama\u00e7ari prev\u00ea investir US$ 300 milh\u00f5es. De acordo com o projeto, a unidade ter\u00e1 capacidade instalada para produzir 266,462 megawatts de energia el\u00e9trica.<\/p>\n<p>Esse acordo comercial firmado com a YPFB faz parte da estrat\u00e9gia de neg\u00f3cio da Cama\u00e7ari. A empresa pretende participar do Leil\u00e3o de Energia Nova A-6 de 2019, previsto para ser realizada no dia 29 de setembro deste ano pela Ag\u00eancia Nacional de Energia El\u00e9trica (Aneel). De acordo com as regras publicadas pelo Minist\u00e9rio das Minas e Energia, para participar do leil\u00e3o \u00e9 necess\u00e1rio que a Cama\u00e7ari apresente documenta\u00e7\u00e3o comprovando que ter\u00e1 disponibilidade de g\u00e1s natural para manter a termel\u00e9trica funcionando continuamente.<\/p>\n<p>Outra a\u00e7\u00e3o que o Governo do Estado trabalha \u00e9 para que a UFN3, de Tr\u00eas Lagoas, tamb\u00e9m passe a fazer a compra direta do g\u00e1s boliviano quando entrar em atividade. A f\u00e1brica come\u00e7ou a ser constru\u00edda em 2011 e foi paralisada em 2014. J\u00e1 recebeu investimentos de R$ 4 bilh\u00f5es e est\u00e1 com 81% da obra j\u00e1 executada. O consumo de g\u00e1s natural estimada na unidade \u00e9 de 2,2 milh\u00f5es de metros c\u00fabicos por dia.<\/p>\n<p>Reinaldo Azambuja convidou as autoridades bolivianas a fazerem uma visita a Tr\u00eas Lagoas, para que eles possam conhecer o potencial de produ\u00e7\u00e3o de celulose no munic\u00edpio. Para o governador, o setor \u00e9 um potencial consumidor tamb\u00e9m de g\u00e1s natural da Bol\u00edvia. Acompanharam Reinaldo Azambuja na agenda na Bol\u00edvia, al\u00e9m do secret\u00e1rio Jaime Verruck,\u00a0 e o presidente da Companhia de G\u00e1s de Mato Grosso do Sul (MSG\u00c1S), Rudel Trindade.<\/p>\n<p>Na Bol\u00edvia o governador Reinaldo Azambuja e o presidente Evo Morales assinaram o Termo de Coopera\u00e7\u00e3o entre Mato Grosso do Sul e a Bol\u00edvia nas \u00e1reas de g\u00e1s natural e ur\u00e9ia. E o governador apresentou ao presidente, o projeto da ferrovia TransAmericana, importante para melhorar a competitividade dos produtos brasileiros no mercado internacional, com a exporta\u00e7\u00e3o via portos do Chile e Peru, com custos mais baixos.<\/p>\n","protected":false},"excerpt":{"rendered":"<p>O acordo assinado nesta ter\u00e7a-feira (4) em Santa Cruz de la Sierra, Bol\u00edvia, rompe uma&#8230;<\/p>\n","protected":false},"author":1,"featured_media":31629,"comment_status":"closed","ping_status":"closed","sticky":false,"template":"","format":"standard","meta":{"footnotes":""},"categories":[8,15],"tags":[],"class_list":["post-31628","post","type-post","status-publish","format-standard","has-post-thumbnail","hentry","category-destaque","category-internacional"],"_links":{"self":[{"href":"https:\/\/www.corumbaonline.com.br\/news\/wp-json\/wp\/v2\/posts\/31628","targetHints":{"allow":["GET"]}}],"collection":[{"href":"https:\/\/www.corumbaonline.com.br\/news\/wp-json\/wp\/v2\/posts"}],"about":[{"href":"https:\/\/www.corumbaonline.com.br\/news\/wp-json\/wp\/v2\/types\/post"}],"author":[{"embeddable":true,"href":"https:\/\/www.corumbaonline.com.br\/news\/wp-json\/wp\/v2\/users\/1"}],"replies":[{"embeddable":true,"href":"https:\/\/www.corumbaonline.com.br\/news\/wp-json\/wp\/v2\/comments?post=31628"}],"version-history":[{"count":1,"href":"https:\/\/www.corumbaonline.com.br\/news\/wp-json\/wp\/v2\/posts\/31628\/revisions"}],"predecessor-version":[{"id":31630,"href":"https:\/\/www.corumbaonline.com.br\/news\/wp-json\/wp\/v2\/posts\/31628\/revisions\/31630"}],"wp:featuredmedia":[{"embeddable":true,"href":"https:\/\/www.corumbaonline.com.br\/news\/wp-json\/wp\/v2\/media\/31629"}],"wp:attachment":[{"href":"https:\/\/www.corumbaonline.com.br\/news\/wp-json\/wp\/v2\/media?parent=31628"}],"wp:term":[{"taxonomy":"category","embeddable":true,"href":"https:\/\/www.corumbaonline.com.br\/news\/wp-json\/wp\/v2\/categories?post=31628"},{"taxonomy":"post_tag","embeddable":true,"href":"https:\/\/www.corumbaonline.com.br\/news\/wp-json\/wp\/v2\/tags?post=31628"}],"curies":[{"name":"wp","href":"https:\/\/api.w.org\/{rel}","templated":true}]}}