{"id":31633,"date":"2019-06-05T09:50:12","date_gmt":"2019-06-05T13:50:12","guid":{"rendered":"http:\/\/www.corumbaonline.com.br\/news\/?p=31633"},"modified":"2019-06-05T16:08:26","modified_gmt":"2019-06-05T20:08:26","slug":"no-dia-mundial-do-meio-ambiente-acao-faz-coleta-de-lixo-eletronico","status":"publish","type":"post","link":"https:\/\/www.corumbaonline.com.br\/news\/no-dia-mundial-do-meio-ambiente-acao-faz-coleta-de-lixo-eletronico\/","title":{"rendered":"No Dia Mundial do Meio Ambiente, a\u00e7\u00e3o faz coleta de lixo eletr\u00f4nico"},"content":{"rendered":"<p>Neste Dia Mundial do Meio Ambiente, 5 de junho, a popula\u00e7\u00e3o de Corumb\u00e1 e Lad\u00e1rio pode fazer o descarte correto do lixo eletr\u00f4nico acumulado durante os anos. Uma equipe da Funda\u00e7\u00e3o do Meio Ambiente est\u00e1, desde o in\u00edcio da manh\u00e3, na Pra\u00e7a da Independ\u00eancia recebendo teclados, computadores, mouses, monitores, cabos de for\u00e7a, impressoras, leitores de c\u00f3digo de barras, aparelhos de DVD, calculadoras, projetores multim\u00eddia, celulares, pilhas, baterias, caixas de som e m\u00e1quinas de cheque j\u00e1 sem uso.<\/p>\n<p>A coleta ser\u00e1 feita at\u00e9 \u00e0s 16 horas desta quarta-feira, sem intervalo de almo\u00e7o. Outros tipos de res\u00edduos n\u00e3o ser\u00e3o aceitos e nem coletados no local, somente os que aqui est\u00e3o descritos. A a\u00e7\u00e3o \u00e9 coordenada pelo Instituto Federal de Mato Grosso do Sul (IFMS), em parceria com a Prefeitura de Corumb\u00e1, a seccional da Ordem dos Advogados do Brasil (OAB) no munic\u00edpio e o Poder Judici\u00e1rio.<\/p>\n<p>J\u00e1 nesta quinta-feira, 06 de junho, haver\u00e1 um festival de Par\u00f3dias na Escola Municipal Bar\u00e3o do Rio Branco, per\u00edodo matutino, com o tema: Corumb\u00e1 Conservando o Meio Ambiente, onde participar\u00e3o somente as Escolas da Rede Municipal de Ensino, com premia\u00e7\u00e3o para a Escola que alcan\u00e7ar o primeiro lugar.<\/p>\n<p>No dia 07 de junho, \u00faltimo dia das festividades dessa Semana, acontecer\u00e1 o I Simp\u00f3sio de Pesca no Pantanal, em parceria com a ACERT (Associa\u00e7\u00e3o dos Empres\u00e1rios do Turismo de Corumb\u00e1), visto ser a pesca uma das principais atividades econ\u00f4micas, sociais e ambientais desenvolvidas no Pantanal Sul-Mato-Grossense, em virtude do apelo ambiental em prol da conserva\u00e7\u00e3o da fauna aqu\u00e1tica e da pesca da regi\u00e3o, o evento se prop\u00f5e a ser um espa\u00e7o para discuss\u00f5es, e informa\u00e7\u00f5es sobre o ordenamento pesqueiro estadual.<\/p>\n<p>Ser\u00e1 um evento cient\u00edfico fechado que contar\u00e1 com apenas 100 convidados dentre eles pesquisadores e demais atores sociais ligados \u00e0 pesca no Pantanal. E tem como objetivo oportunizar um di\u00e1logo socioambiental e econ\u00f4mico entre diferentes segmentos relacionados \u00e0 atividade pesqueira.<\/p>\n","protected":false},"excerpt":{"rendered":"<p>Neste Dia Mundial do Meio Ambiente, 5 de junho, a popula\u00e7\u00e3o de Corumb\u00e1 e Lad\u00e1rio&#8230;<\/p>\n","protected":false},"author":1,"featured_media":31634,"comment_status":"closed","ping_status":"closed","sticky":false,"template":"","format":"standard","meta":{"footnotes":""},"categories":[8,17],"tags":[],"class_list":["post-31633","post","type-post","status-publish","format-standard","has-post-thumbnail","hentry","category-destaque","category-meio-ambiente"],"_links":{"self":[{"href":"https:\/\/www.corumbaonline.com.br\/news\/wp-json\/wp\/v2\/posts\/31633","targetHints":{"allow":["GET"]}}],"collection":[{"href":"https:\/\/www.corumbaonline.com.br\/news\/wp-json\/wp\/v2\/posts"}],"about":[{"href":"https:\/\/www.corumbaonline.com.br\/news\/wp-json\/wp\/v2\/types\/post"}],"author":[{"embeddable":true,"href":"https:\/\/www.corumbaonline.com.br\/news\/wp-json\/wp\/v2\/users\/1"}],"replies":[{"embeddable":true,"href":"https:\/\/www.corumbaonline.com.br\/news\/wp-json\/wp\/v2\/comments?post=31633"}],"version-history":[{"count":1,"href":"https:\/\/www.corumbaonline.com.br\/news\/wp-json\/wp\/v2\/posts\/31633\/revisions"}],"predecessor-version":[{"id":31635,"href":"https:\/\/www.corumbaonline.com.br\/news\/wp-json\/wp\/v2\/posts\/31633\/revisions\/31635"}],"wp:featuredmedia":[{"embeddable":true,"href":"https:\/\/www.corumbaonline.com.br\/news\/wp-json\/wp\/v2\/media\/31634"}],"wp:attachment":[{"href":"https:\/\/www.corumbaonline.com.br\/news\/wp-json\/wp\/v2\/media?parent=31633"}],"wp:term":[{"taxonomy":"category","embeddable":true,"href":"https:\/\/www.corumbaonline.com.br\/news\/wp-json\/wp\/v2\/categories?post=31633"},{"taxonomy":"post_tag","embeddable":true,"href":"https:\/\/www.corumbaonline.com.br\/news\/wp-json\/wp\/v2\/tags?post=31633"}],"curies":[{"name":"wp","href":"https:\/\/api.w.org\/{rel}","templated":true}]}}