{"id":31712,"date":"2019-06-07T09:13:56","date_gmt":"2019-06-07T13:13:56","guid":{"rendered":"http:\/\/www.corumbaonline.com.br\/news\/?p=31712"},"modified":"2019-06-07T10:03:25","modified_gmt":"2019-06-07T14:03:25","slug":"corumba-decreta-ponto-facultativo-nos-dias-14-e-21-de-junho","status":"publish","type":"post","link":"https:\/\/www.corumbaonline.com.br\/news\/corumba-decreta-ponto-facultativo-nos-dias-14-e-21-de-junho\/","title":{"rendered":"Corumb\u00e1 decreta ponto facultativo nos dias 14 e 21 de junho"},"content":{"rendered":"<p>Publicado na edi\u00e7\u00e3o dessa quinta-feira, 6 de junho, do DIOCORUMB\u00c1, o Decreto 2.153, assinado pelo prefeito Marcelo Iunes, estabelece ponto facultativo para as unidades da Administra\u00e7\u00e3o Direta e Indireta do Munic\u00edpio de Corumb\u00e1 no expediente dos dias 14 e 21 de junho.<\/p>\n<p>O disposto no artigo anterior n\u00e3o se aplica \u00e0s unidades e servi\u00e7os considerados essenciais, que por sua natureza n\u00e3o possam ser paralisados ou interrompidos, inclusive abrigos, unidades de pronto atendimento e pronto socorro municipal. Os titulares das Secretarias e Funda\u00e7\u00f5es ainda poder\u00e3o determinar outros servi\u00e7os considerados necess\u00e1rios \u00e0 comunidade.<\/p>\n","protected":false},"excerpt":{"rendered":"<p>Publicado na edi\u00e7\u00e3o dessa quinta-feira, 6 de junho, do DIOCORUMB\u00c1, o Decreto 2.153, assinado pelo&#8230;<\/p>\n","protected":false},"author":1,"featured_media":0,"comment_status":"closed","ping_status":"closed","sticky":false,"template":"","format":"standard","meta":{"footnotes":""},"categories":[14],"tags":[],"class_list":["post-31712","post","type-post","status-publish","format-standard","hentry","category-geral"],"_links":{"self":[{"href":"https:\/\/www.corumbaonline.com.br\/news\/wp-json\/wp\/v2\/posts\/31712","targetHints":{"allow":["GET"]}}],"collection":[{"href":"https:\/\/www.corumbaonline.com.br\/news\/wp-json\/wp\/v2\/posts"}],"about":[{"href":"https:\/\/www.corumbaonline.com.br\/news\/wp-json\/wp\/v2\/types\/post"}],"author":[{"embeddable":true,"href":"https:\/\/www.corumbaonline.com.br\/news\/wp-json\/wp\/v2\/users\/1"}],"replies":[{"embeddable":true,"href":"https:\/\/www.corumbaonline.com.br\/news\/wp-json\/wp\/v2\/comments?post=31712"}],"version-history":[{"count":1,"href":"https:\/\/www.corumbaonline.com.br\/news\/wp-json\/wp\/v2\/posts\/31712\/revisions"}],"predecessor-version":[{"id":31715,"href":"https:\/\/www.corumbaonline.com.br\/news\/wp-json\/wp\/v2\/posts\/31712\/revisions\/31715"}],"wp:attachment":[{"href":"https:\/\/www.corumbaonline.com.br\/news\/wp-json\/wp\/v2\/media?parent=31712"}],"wp:term":[{"taxonomy":"category","embeddable":true,"href":"https:\/\/www.corumbaonline.com.br\/news\/wp-json\/wp\/v2\/categories?post=31712"},{"taxonomy":"post_tag","embeddable":true,"href":"https:\/\/www.corumbaonline.com.br\/news\/wp-json\/wp\/v2\/tags?post=31712"}],"curies":[{"name":"wp","href":"https:\/\/api.w.org\/{rel}","templated":true}]}}