{"id":31770,"date":"2019-06-10T10:06:42","date_gmt":"2019-06-10T14:06:42","guid":{"rendered":"http:\/\/www.corumbaonline.com.br\/news\/?p=31770"},"modified":"2019-06-10T11:16:48","modified_gmt":"2019-06-10T15:16:48","slug":"pesca-municipio-coordena-discussoes-em-torno-da-cota-zero-em-ms","status":"publish","type":"post","link":"https:\/\/www.corumbaonline.com.br\/news\/pesca-municipio-coordena-discussoes-em-torno-da-cota-zero-em-ms\/","title":{"rendered":"Pesca: Munic\u00edpio coordena discuss\u00f5es em torno da cota zero em MS"},"content":{"rendered":"<p>Participando do 1\u00b0 Simp\u00f3sio de Pesca no Pantanal, o prefeito Marcelo Iunes destacou a import\u00e2ncia da discuss\u00e3o em torno da cota zero para a pesca amadora e esportiva, nos rios das bacias do Paraguai e Paran\u00e1 no estado de Mato Grosso do Sul.<\/p>\n<p>Realizado pela Prefeitura de Corumb\u00e1, por meio da Funda\u00e7\u00e3o do Meio Ambiente do Pantanal e Funda\u00e7\u00e3o de Turismo do Pantanal, em parceria com a Associa\u00e7\u00e3o dos Empres\u00e1rios de Turismo de Corumb\u00e1 (ACERT), o evento integrou a programa\u00e7\u00e3o da Semana do Meio Ambiente de Corumb\u00e1.<\/p>\n<p>\u201cUm evento desse porte permitiu aos gestores difundir suas propostas, aos pesquisadores a exposi\u00e7\u00e3o de seus trabalhos e aos demais participantes, a oportunidade de apresentar opini\u00f5es e sanar as d\u00favidas sobre o tema. Este primeiro Simp\u00f3sio oportunizou o di\u00e1logo s\u00f3cioambiental em diferentes segmentos relacionados \u00e0 atividade pesqueira em Corumb\u00e1. A participa\u00e7\u00e3o do trade \u00e9 importantes, eles conhecem a necessidade e geram renda no munic\u00edpio\u201d, afirmou Iunes.<\/p>\n<p>A deputada federal, Beatriz Cavassa, disse \u2013 na abertura do1\u00b0 Simp\u00f3sio \u2013, disse que o evento ajuda a definir \u201cprojetos e pol\u00edticas p\u00fablicas para o segmento no Pantanal e no Brasil\u201d. A parlamentar tamb\u00e9m disse estar \u00e0 disposi\u00e7\u00e3o \u201cpara construir pol\u00edticas para desenvolver nossa regi\u00e3o\u201d.<\/p>\n<p>O secret\u00e1rio-adjunto da Secretaria estadual de Meio Ambiente, Desenvolvimento Econ\u00f4mico, Agricultura Familiar e Produ\u00e7\u00e3o (Semagro), Ricardo Senna, disse que \u00e9 preciso garantir o peixe, que j\u00e1 n\u00e3o se captura como h\u00e1 uma d\u00e9cada, conforme relatos de pescadores amadores e profissionais e comunidades ribeirinhas. \u201cCom o apoio do trade tur\u00edstico e associa\u00e7\u00f5es de pescadores a cota zero, o Estado colocar\u00e1 Mato Grosso do Sul na rota dos grandes neg\u00f3cios da pesca e do ecoturismo, diversificando a nossa economia\u201d, frisou.<\/p>\n<p>Representando o governador Reinaldo Azambuja, o secret\u00e1rio falou sobre o decreto da cota zero e ressaltou que o Governo do Estado discute leis restritivas \u00e0 pesca desde 2016 e dialoga com transpar\u00eancia com os diversos segmentos do setor para a defini\u00e7\u00e3o do novo modelo de pesca.<\/p>\n<p>O 1\u00b0 Simp\u00f3sio de Pesca no Pantanal contou com as seguintes palestras: Desafios e atualidades da pesca esportiva no Estado do Mato Grosso do Sul; Gest\u00e3o pesqueira e conserva\u00e7\u00e3o ambiental: bin\u00f4nimo insepar\u00e1vel; A cota zero e a promo\u00e7\u00e3o da pesca esportiva no Mato Grosso do Sul; Cota zero e a pesca esportiva em Tocantins; Um olhar sobre o impacto socioecon\u00f4mico do turismo de pesca esportiva na Bacia do Alto Paraguai; Pesca esportiva sustent\u00e1vel no Amazonas; Pesque e solte: uma ferramenta em prol da conserva\u00e7\u00e3o dos recursos pesqueiros.<\/p>\n<p>Tamb\u00e9m acompanharam o Simp\u00f3sio, a diretora-presidente da Funda\u00e7\u00e3o do Meio Ambiente do Pantanal, Ana Cla\u00fadia Moreira Boabaid; o secret\u00e1rio Municipal de Governo, C\u00e1ssio Augusto da Costa Marques, o chefe da Casa Civil, Luiz Ant\u00f4nio da Silva; o presidente da C\u00e2mara Municipal, Roberto Fa\u00e7anha; os vereadores Manoel Rodrigues e Chic\u00e3o Viana.<\/p>\n","protected":false},"excerpt":{"rendered":"<p>Participando do 1\u00b0 Simp\u00f3sio de Pesca no Pantanal, o prefeito Marcelo Iunes destacou a import\u00e2ncia&#8230;<\/p>\n","protected":false},"author":1,"featured_media":31773,"comment_status":"closed","ping_status":"closed","sticky":false,"template":"","format":"standard","meta":{"footnotes":""},"categories":[8,17,23],"tags":[],"class_list":["post-31770","post","type-post","status-publish","format-standard","has-post-thumbnail","hentry","category-destaque","category-meio-ambiente","category-turismo"],"_links":{"self":[{"href":"https:\/\/www.corumbaonline.com.br\/news\/wp-json\/wp\/v2\/posts\/31770","targetHints":{"allow":["GET"]}}],"collection":[{"href":"https:\/\/www.corumbaonline.com.br\/news\/wp-json\/wp\/v2\/posts"}],"about":[{"href":"https:\/\/www.corumbaonline.com.br\/news\/wp-json\/wp\/v2\/types\/post"}],"author":[{"embeddable":true,"href":"https:\/\/www.corumbaonline.com.br\/news\/wp-json\/wp\/v2\/users\/1"}],"replies":[{"embeddable":true,"href":"https:\/\/www.corumbaonline.com.br\/news\/wp-json\/wp\/v2\/comments?post=31770"}],"version-history":[{"count":1,"href":"https:\/\/www.corumbaonline.com.br\/news\/wp-json\/wp\/v2\/posts\/31770\/revisions"}],"predecessor-version":[{"id":31774,"href":"https:\/\/www.corumbaonline.com.br\/news\/wp-json\/wp\/v2\/posts\/31770\/revisions\/31774"}],"wp:featuredmedia":[{"embeddable":true,"href":"https:\/\/www.corumbaonline.com.br\/news\/wp-json\/wp\/v2\/media\/31773"}],"wp:attachment":[{"href":"https:\/\/www.corumbaonline.com.br\/news\/wp-json\/wp\/v2\/media?parent=31770"}],"wp:term":[{"taxonomy":"category","embeddable":true,"href":"https:\/\/www.corumbaonline.com.br\/news\/wp-json\/wp\/v2\/categories?post=31770"},{"taxonomy":"post_tag","embeddable":true,"href":"https:\/\/www.corumbaonline.com.br\/news\/wp-json\/wp\/v2\/tags?post=31770"}],"curies":[{"name":"wp","href":"https:\/\/api.w.org\/{rel}","templated":true}]}}