{"id":31941,"date":"2019-06-14T09:57:19","date_gmt":"2019-06-14T13:57:19","guid":{"rendered":"http:\/\/www.corumbaonline.com.br\/news\/?p=31941"},"modified":"2019-06-14T12:19:34","modified_gmt":"2019-06-14T16:19:34","slug":"turismo-na-estrada-parque-tem-melhor-epoca-e-acesso-garantido-pelo-estado","status":"publish","type":"post","link":"https:\/\/www.corumbaonline.com.br\/news\/turismo-na-estrada-parque-tem-melhor-epoca-e-acesso-garantido-pelo-estado\/","title":{"rendered":"Turismo na Estrada-Parque tem melhor \u00e9poca e acesso garantido pelo Estado"},"content":{"rendered":"<p>Boas estradas, com a manuten\u00e7\u00e3o permanente realizada pela Agesul (Ag\u00eancia Estadual de Gest\u00e3o de Empreendimentos); \u00e1gua nos campos com o prolongamento da cheia, aumentando o avistamento de animais; e per\u00edodo de florada dos ip\u00eas e do tarum\u00e3 e renova\u00e7\u00e3o da fauna. Raz\u00f5es de sobra para arrumar a mala e visitar o Pantanal da Nhecol\u00e2ndia, em Corumb\u00e1, onde ainda se pode pescar nos rios Miranda, Abobral, Negro e Paraguai.<\/p>\n<p>A Estrada-Parque que cruza esse santu\u00e1rio, criada em 1993 como \u00e1rea especial de interesse tur\u00edstico, \u00e9 uma antiga estrada boiadeira hoje cascalhada pelo Governo do Estado e trafeg\u00e1vel o ano todo. Formada pelas MS-184 e MS-228, a via d\u00e1 acesso as fazendas, hot\u00e9is, pousadas e pesqueiros da regi\u00e3o, ao longo de 120 km e mais de 74 pontes de vazantes, onde se concentram cardumes, aves, como tuiui\u00fas, bigu\u00e1s e gar\u00e7as, e jacar\u00e9s, ariranhas e capivaras.<\/p>\n<div id=\"gallery-1\" class=\"gallery galleryid-263303 gallery-columns-2 gallery-size-medium\">\n<dl class=\"gallery-item\">\n<dt class=\"gallery-icon landscape\"><a href=\"http:\/\/www.ms.gov.br\/turismo-na-estrada-parque-na-melhor-epoca-e-acesso-garantido-pelo-estado\/foto-saul-schramm-95\/\"><img loading=\"lazy\" decoding=\"async\" class=\"attachment-medium size-medium\" src=\"http:\/\/www.ms.gov.br\/wp-content\/uploads\/sites\/150\/2019\/06\/Foto-Saul-Schramm-95-300x172.jpg\" sizes=\"auto, (max-width: 300px) 100vw, 300px\" srcset=\"http:\/\/www.ms.gov.br\/wp-content\/uploads\/sites\/150\/2019\/06\/Foto-Saul-Schramm-95-300x172.jpg 300w, http:\/\/www.ms.gov.br\/wp-content\/uploads\/sites\/150\/2019\/06\/Foto-Saul-Schramm-95-768x440.jpg 768w, http:\/\/www.ms.gov.br\/wp-content\/uploads\/sites\/150\/2019\/06\/Foto-Saul-Schramm-95-1024x587.jpg 1024w\" alt=\"\" width=\"300\" height=\"172\" aria-describedby=\"gallery-1-263318\" \/><\/a><\/dt>\n<dd id=\"gallery-1-263318\" class=\"wp-caption-text gallery-caption\">Araras-azuis sobrevoam a Estrada-Parque<\/dd>\n<\/dl>\n<dl class=\"gallery-item\">\n<dt class=\"gallery-icon landscape\"><a href=\"http:\/\/www.ms.gov.br\/turismo-na-estrada-parque-na-melhor-epoca-e-acesso-garantido-pelo-estado\/1o-encontro-de-pesca-cota-zero-no-passo-do-lontra-foto-edemir-rodrigues-28\/\"><img loading=\"lazy\" decoding=\"async\" class=\"attachment-medium size-medium\" src=\"http:\/\/www.ms.gov.br\/wp-content\/uploads\/sites\/150\/2019\/06\/1%C2%BA-Encontro-de-pesca-Cota-Zero-no-Passo-do-Lontra-Foto-Edemir-Rodrigues-28-300x166.jpg\" sizes=\"auto, (max-width: 300px) 100vw, 300px\" srcset=\"http:\/\/www.ms.gov.br\/wp-content\/uploads\/sites\/150\/2019\/06\/1\u00ba-Encontro-de-pesca-Cota-Zero-no-Passo-do-Lontra-Foto-Edemir-Rodrigues-28-300x166.jpg 300w, http:\/\/www.ms.gov.br\/wp-content\/uploads\/sites\/150\/2019\/06\/1\u00ba-Encontro-de-pesca-Cota-Zero-no-Passo-do-Lontra-Foto-Edemir-Rodrigues-28-768x425.jpg 768w, http:\/\/www.ms.gov.br\/wp-content\/uploads\/sites\/150\/2019\/06\/1\u00ba-Encontro-de-pesca-Cota-Zero-no-Passo-do-Lontra-Foto-Edemir-Rodrigues-28-1024x567.jpg 1024w\" alt=\"\" width=\"300\" height=\"166\" aria-describedby=\"gallery-1-263316\" \/><\/a><\/dt>\n<dd id=\"gallery-1-263316\" class=\"wp-caption-text gallery-caption\">Tuiuiu carregando galho para o ninho<\/dd>\n<\/dl>\n<\/div>\n<p>\u201cEm nenhum outro governo se deu tanta aten\u00e7\u00e3o \u00e0s nossas estradas do Pantanal como agora\u201d, afirma Luciano Leite, presidente do Sindicato Rural de Corumb\u00e1, ao falar dos benef\u00edcios que a facilidade de transporte proporcionou a pecu\u00e1ria, um dos eixos da economia local, e ao turismo, atividade explorada tamb\u00e9m por muitas fazendas. \u201cSem estradas, n\u00e3o t\u00ednhamos como garantir o pacote vendido ao turista\u201d, atesta o empres\u00e1rio Jo\u00e3o Venturini Junior.<\/p>\n<p><strong>Estrada com vis\u00e3o c\u00eanica<\/strong><\/p>\n<p>Hoje, visitar e contemplar a rica biodiversidade desse lugar pode ser feita inclusive em carros de passeio, sem riscos de buracos e atoleiros. A Agesul realiza manuten\u00e7\u00e3o peri\u00f3dica na estrada e atualmente executa o cascalhamento do \u00faltimo trecho de areia da MS-184, pr\u00f3ximo \u00e0 Curva do Leque (entroncamento com a MS-228). O Estado tamb\u00e9m executa o revestimento prim\u00e1rio em 40 km da MS-228, no sentido ao centro do Pantanal, investindo R$ 8 milh\u00f5es.<\/p>\n<div id=\"attachment_263324\" class=\"wp-caption alignnone\"><a href=\"http:\/\/www.ms.gov.br\/wp-content\/uploads\/sites\/150\/2019\/06\/Foto-Saul-Schramm-74.jpg\"><img loading=\"lazy\" decoding=\"async\" class=\"wp-image-263324 size-full\" src=\"http:\/\/www.ms.gov.br\/wp-content\/uploads\/sites\/150\/2019\/06\/Foto-Saul-Schramm-74.jpg\" sizes=\"auto, (max-width: 2000px) 100vw, 2000px\" srcset=\"http:\/\/www.ms.gov.br\/wp-content\/uploads\/sites\/150\/2019\/06\/Foto-Saul-Schramm-74.jpg 2000w, http:\/\/www.ms.gov.br\/wp-content\/uploads\/sites\/150\/2019\/06\/Foto-Saul-Schramm-74-300x183.jpg 300w, http:\/\/www.ms.gov.br\/wp-content\/uploads\/sites\/150\/2019\/06\/Foto-Saul-Schramm-74-768x468.jpg 768w, http:\/\/www.ms.gov.br\/wp-content\/uploads\/sites\/150\/2019\/06\/Foto-Saul-Schramm-74-1024x625.jpg 1024w\" alt=\"\" width=\"2000\" height=\"1220\" \/><\/a><\/p>\n<p class=\"wp-caption-text\"><em>Pontes de madeira, elevadas ou n\u00e3o, est\u00e3o com manuten\u00e7\u00e3o permanente da Agesul. Foto: Saul Schramm Jr<\/em><\/p>\n<\/div>\n<p>O alargamento da pista da Estrada-Parque, outro servi\u00e7o realizado pela Agesul, ampliou a vis\u00e3o do motorista, principalmente em rela\u00e7\u00e3o \u00e0s margens, reduzindo os riscos de impactos e atropelamentos de animais que cruzam a via com frequ\u00eancia, como cervos, capivaras, jacar\u00e9s, cobras e at\u00e9 a on\u00e7a-pintada, cuja incid\u00eancia aumentou na regi\u00e3o com os programas de conserva\u00e7\u00e3o da esp\u00e9cie. O cuidado deve ser redobrado nas pontes, onde passa apenas um ve\u00edculo.<\/p>\n<p>\u201cSempre fui a favor de abrir a estrada, que era um t\u00fanel, devido a concentra\u00e7\u00e3o da mata, ocasionando acidentes e muita poeira\u201d, pondera o empres\u00e1rio Jo\u00e3o Venturini, 70, pioneiro em turismo na Nhecol\u00e2ndia. \u201cAl\u00e9m de maior seguran\u00e7a, quem trafega pela estrada hoje tem uma vis\u00e3o c\u00eanica mais ampla do Pantanal, com maior campo para um saf\u00e1ri fotogr\u00e1fico ou focagem de animais. Sem falar que reduziu os atropelamentos de animais em mais de 80%, diz ele.<\/p>\n<div id=\"attachment_263329\" class=\"wp-caption alignnone\"><a href=\"http:\/\/www.ms.gov.br\/wp-content\/uploads\/sites\/150\/2019\/06\/Foto-Saul-Schramm-83.jpg\"><img loading=\"lazy\" decoding=\"async\" class=\"wp-image-263329 size-full\" src=\"http:\/\/www.ms.gov.br\/wp-content\/uploads\/sites\/150\/2019\/06\/Foto-Saul-Schramm-83.jpg\" sizes=\"auto, (max-width: 2000px) 100vw, 2000px\" srcset=\"http:\/\/www.ms.gov.br\/wp-content\/uploads\/sites\/150\/2019\/06\/Foto-Saul-Schramm-83.jpg 2000w, http:\/\/www.ms.gov.br\/wp-content\/uploads\/sites\/150\/2019\/06\/Foto-Saul-Schramm-83-300x188.jpg 300w, http:\/\/www.ms.gov.br\/wp-content\/uploads\/sites\/150\/2019\/06\/Foto-Saul-Schramm-83-768x482.jpg 768w, http:\/\/www.ms.gov.br\/wp-content\/uploads\/sites\/150\/2019\/06\/Foto-Saul-Schramm-83-1024x643.jpg 1024w\" alt=\"\" width=\"2000\" height=\"1256\" \/><\/a><\/p>\n<p class=\"wp-caption-text\"><em>Trecho da MS-184 com servi\u00e7o de cascalhamento e alargamento da pista<\/em><\/p>\n<\/div>\n<p><strong>Vida selvagem se renova<\/strong><\/p>\n<p>O acesso f\u00e1cil, mesmo com o prolongamento da cheia, \u00e9 um est\u00edmulo para quem aprecia a natureza visitar essa regi\u00e3o do Pantanal. A concentra\u00e7\u00e3o da \u00e1gua nesse per\u00edodo do ano, margeando a Estrada-Parque, n\u00e3o \u00e9 normal. As fortes chuvas de abril e maio aumentaram os n\u00edveis dos rios Aquidauana e Miranda, os quais sa\u00edram da calha e inundaram as savanas em dire\u00e7\u00e3o ao Rio Paraguai. A \u00e1gua n\u00e3o interrompe a estrada e renova a vida no bioma.<\/p>\n<p>O processo h\u00eddrico muda o comportamento dos animais, que se concentram nas lagoas, corixos e vazantes em busca da farta alimenta\u00e7\u00e3o. De cima das pontes de madeira \u00e9 poss\u00edvel fisgar uma piranha ou observar a movimenta\u00e7\u00e3o de ariranhas e jacar\u00e9s. O m\u00eas de julho \u00e9 ideal para visitar a Estrada-Parque, que disp\u00f5e de excelente estrutura de hospedaria e atrativos tur\u00edsticos, como cavalgada, observa\u00e7\u00e3o de p\u00e1ssaros, saf\u00e1ri fotogr\u00e1fico e focagem noturna.<\/p>\n<div id=\"gallery-2\" class=\"gallery galleryid-263303 gallery-columns-2 gallery-size-medium\">\n<dl class=\"gallery-item\">\n<dt class=\"gallery-icon landscape\"><a href=\"http:\/\/www.ms.gov.br\/turismo-na-estrada-parque-na-melhor-epoca-e-acesso-garantido-pelo-estado\/saul-schramm\/\"><img loading=\"lazy\" decoding=\"async\" class=\"attachment-medium size-medium\" src=\"http:\/\/www.ms.gov.br\/wp-content\/uploads\/sites\/150\/2019\/06\/Saul-Schramm-300x171.jpg\" sizes=\"auto, (max-width: 300px) 100vw, 300px\" srcset=\"http:\/\/www.ms.gov.br\/wp-content\/uploads\/sites\/150\/2019\/06\/Saul-Schramm-300x171.jpg 300w, http:\/\/www.ms.gov.br\/wp-content\/uploads\/sites\/150\/2019\/06\/Saul-Schramm-768x437.jpg 768w, http:\/\/www.ms.gov.br\/wp-content\/uploads\/sites\/150\/2019\/06\/Saul-Schramm-1024x583.jpg 1024w\" alt=\"\" width=\"300\" height=\"171\" aria-describedby=\"gallery-2-263337\" \/><\/a><\/dt>\n<dd id=\"gallery-2-263337\" class=\"wp-caption-text gallery-caption\">Jo\u00e3o Venturini destacou apoio do Estado em infraestrutura<\/dd>\n<\/dl>\n<dl class=\"gallery-item\">\n<dt class=\"gallery-icon landscape\"><a href=\"http:\/\/www.ms.gov.br\/turismo-na-estrada-parque-na-melhor-epoca-e-acesso-garantido-pelo-estado\/foto-saul-schramm-109\/\"><img loading=\"lazy\" decoding=\"async\" class=\"attachment-medium size-medium\" src=\"http:\/\/www.ms.gov.br\/wp-content\/uploads\/sites\/150\/2019\/06\/Foto-Saul-Schramm-109-300x185.jpg\" sizes=\"auto, (max-width: 300px) 100vw, 300px\" srcset=\"http:\/\/www.ms.gov.br\/wp-content\/uploads\/sites\/150\/2019\/06\/Foto-Saul-Schramm-109-300x185.jpg 300w, http:\/\/www.ms.gov.br\/wp-content\/uploads\/sites\/150\/2019\/06\/Foto-Saul-Schramm-109-768x475.jpg 768w, http:\/\/www.ms.gov.br\/wp-content\/uploads\/sites\/150\/2019\/06\/Foto-Saul-Schramm-109-1024x633.jpg 1024w\" alt=\"\" width=\"300\" height=\"185\" aria-describedby=\"gallery-2-263338\" \/><\/a><\/dt>\n<dd id=\"gallery-2-263338\" class=\"wp-caption-text gallery-caption\">Turista pratica pesca de piranha na Pousada S\u00e3o Jo\u00e3o<\/dd>\n<\/dl>\n<\/div>\n<p>Entre julho e setembro, o avistamento da fauna \u00e9 mais percept\u00edvel devido ser um per\u00edodo de acasalamento e nidifica\u00e7\u00e3o. As araras-azuis acompanham o visitando pela estrada e pode serem vistas em dezenas na Pousada S\u00e3o Jo\u00e3o, a 28 km do trevo da MS-184 com a BR-262 (Buraco da Piranha). \u00c9poca tamb\u00e9m da migra\u00e7\u00e3o de aves da Patag\u00f4nia, como os talha-mar e as andorinhas, em busca de abrigo, alimenta\u00e7\u00e3o e temperatura amena para se reproduzirem.<\/p>\n<p><strong>O rio est\u00e1 bom para peixe<\/strong><\/p>\n<p>Outra op\u00e7\u00e3o de entretenimento na regi\u00e3o \u00e9 a pesca amadora, que est\u00e1 liberada at\u00e9 novembro. O segundo semestre do ano \u00e9 a \u00faltima oportunidade de captura, com cota permitida de cinco quilos, mais um exemplar e cinco piranhas. A partir de janeiro de 2020, decreto assinado pelo governador Reinaldo Azambuja estabelece a cota zero, proibindo o transporte do pescado pelo pescador esportivo. A maioria das pousadas e pesqueiros j\u00e1 praticam a pesca sem captura.<\/p>\n<div id=\"gallery-3\" class=\"gallery galleryid-263303 gallery-columns-2 gallery-size-medium\">\n<dl class=\"gallery-item\">\n<dt class=\"gallery-icon landscape\"><a href=\"http:\/\/www.ms.gov.br\/turismo-na-estrada-parque-na-melhor-epoca-e-acesso-garantido-pelo-estado\/foto-saul-schramm-67\/\"><img loading=\"lazy\" decoding=\"async\" class=\"attachment-medium size-medium\" src=\"http:\/\/www.ms.gov.br\/wp-content\/uploads\/sites\/150\/2019\/06\/Foto-Saul-Schramm-67-300x200.jpg\" sizes=\"auto, (max-width: 300px) 100vw, 300px\" srcset=\"http:\/\/www.ms.gov.br\/wp-content\/uploads\/sites\/150\/2019\/06\/Foto-Saul-Schramm-67-300x200.jpg 300w, http:\/\/www.ms.gov.br\/wp-content\/uploads\/sites\/150\/2019\/06\/Foto-Saul-Schramm-67-768x512.jpg 768w, http:\/\/www.ms.gov.br\/wp-content\/uploads\/sites\/150\/2019\/06\/Foto-Saul-Schramm-67-1024x682.jpg 1024w, http:\/\/www.ms.gov.br\/wp-content\/uploads\/sites\/150\/2019\/06\/Foto-Saul-Schramm-67-272x182.jpg 272w\" alt=\"\" width=\"300\" height=\"200\" aria-describedby=\"gallery-3-263343\" \/><\/a><\/dt>\n<dd id=\"gallery-3-263343\" class=\"wp-caption-text gallery-caption\">Delson: \u201cEstrada boa vai trazer progresso para a regi\u00e3o\u201d<\/dd>\n<\/dl>\n<dl class=\"gallery-item\">\n<dt class=\"gallery-icon landscape\"><a href=\"http:\/\/www.ms.gov.br\/turismo-na-estrada-parque-na-melhor-epoca-e-acesso-garantido-pelo-estado\/foto-saul-schramm-72\/\"><img loading=\"lazy\" decoding=\"async\" class=\"attachment-medium size-medium\" src=\"http:\/\/www.ms.gov.br\/wp-content\/uploads\/sites\/150\/2019\/06\/Foto-Saul-Schramm-72-300x187.jpg\" sizes=\"auto, (max-width: 300px) 100vw, 300px\" srcset=\"http:\/\/www.ms.gov.br\/wp-content\/uploads\/sites\/150\/2019\/06\/Foto-Saul-Schramm-72-300x187.jpg 300w, http:\/\/www.ms.gov.br\/wp-content\/uploads\/sites\/150\/2019\/06\/Foto-Saul-Schramm-72-768x478.jpg 768w, http:\/\/www.ms.gov.br\/wp-content\/uploads\/sites\/150\/2019\/06\/Foto-Saul-Schramm-72-1024x637.jpg 1024w\" alt=\"\" width=\"300\" height=\"187\" aria-describedby=\"gallery-3-263344\" \/><\/a><\/dt>\n<dd id=\"gallery-3-263344\" class=\"wp-caption-text gallery-caption\">Porto da Manga tem estrutura para a pesca amadora<\/dd>\n<\/dl>\n<\/div>\n<p>Um dos polos pesqueiros atrativos \u00e9 o Porto da Manga, vilarejo situado na margem do Rio Paraguai, no centro da Estrada-Parque. Habitado por 45 fam\u00edlias que vivem da captura de iscas vivas, Manga vivenciou o apogeu dos saladeiros, no in\u00edcio do s\u00e9culo XX, e foi visitado por grandes ca\u00e7adores de on\u00e7a, como o ex-presidente norte-americano Theodore Roosevelt. \u201cHoje \u00e9 uma regi\u00e3o pouco valorizada\u201d, comenta o comerciante Delson Pereira, 55.<\/p>\n<p>O cascalhamento das MS-184 e MS-228 pelo Governo do Estado, segundo o antigo morador, que ali chegou para trabalhar de isqueiro em 1990, vai melhorar muito o Porto da Manga, impulsionando principalmente o turismo, seja de pesca ou de contempla\u00e7\u00e3o. \u201cNosso com\u00e9rcio vai crescer, aumentando o n\u00famero de visitantes e tamb\u00e9m o movimento nos leil\u00f5es de gado\u201d, aposta Delson. \u201cTemos hot\u00e9is e ranchos para pesca e os rios est\u00e3o bons de peixe\u201d, garante.<\/p>\n","protected":false},"excerpt":{"rendered":"<p>Boas estradas, com a manuten\u00e7\u00e3o permanente realizada pela Agesul (Ag\u00eancia Estadual de Gest\u00e3o de Empreendimentos);&#8230;<\/p>\n","protected":false},"author":1,"featured_media":31942,"comment_status":"closed","ping_status":"closed","sticky":false,"template":"","format":"standard","meta":{"footnotes":""},"categories":[8,17,23],"tags":[],"class_list":["post-31941","post","type-post","status-publish","format-standard","has-post-thumbnail","hentry","category-destaque","category-meio-ambiente","category-turismo"],"_links":{"self":[{"href":"https:\/\/www.corumbaonline.com.br\/news\/wp-json\/wp\/v2\/posts\/31941","targetHints":{"allow":["GET"]}}],"collection":[{"href":"https:\/\/www.corumbaonline.com.br\/news\/wp-json\/wp\/v2\/posts"}],"about":[{"href":"https:\/\/www.corumbaonline.com.br\/news\/wp-json\/wp\/v2\/types\/post"}],"author":[{"embeddable":true,"href":"https:\/\/www.corumbaonline.com.br\/news\/wp-json\/wp\/v2\/users\/1"}],"replies":[{"embeddable":true,"href":"https:\/\/www.corumbaonline.com.br\/news\/wp-json\/wp\/v2\/comments?post=31941"}],"version-history":[{"count":1,"href":"https:\/\/www.corumbaonline.com.br\/news\/wp-json\/wp\/v2\/posts\/31941\/revisions"}],"predecessor-version":[{"id":31943,"href":"https:\/\/www.corumbaonline.com.br\/news\/wp-json\/wp\/v2\/posts\/31941\/revisions\/31943"}],"wp:featuredmedia":[{"embeddable":true,"href":"https:\/\/www.corumbaonline.com.br\/news\/wp-json\/wp\/v2\/media\/31942"}],"wp:attachment":[{"href":"https:\/\/www.corumbaonline.com.br\/news\/wp-json\/wp\/v2\/media?parent=31941"}],"wp:term":[{"taxonomy":"category","embeddable":true,"href":"https:\/\/www.corumbaonline.com.br\/news\/wp-json\/wp\/v2\/categories?post=31941"},{"taxonomy":"post_tag","embeddable":true,"href":"https:\/\/www.corumbaonline.com.br\/news\/wp-json\/wp\/v2\/tags?post=31941"}],"curies":[{"name":"wp","href":"https:\/\/api.w.org\/{rel}","templated":true}]}}