{"id":31961,"date":"2019-06-15T09:33:10","date_gmt":"2019-06-15T13:33:10","guid":{"rendered":"http:\/\/www.corumbaonline.com.br\/news\/?p=31961"},"modified":"2019-06-15T11:19:06","modified_gmt":"2019-06-15T15:19:06","slug":"com-sessao-solene-camara-dos-deputados-lembra-152-anos-da-retomada","status":"publish","type":"post","link":"https:\/\/www.corumbaonline.com.br\/news\/com-sessao-solene-camara-dos-deputados-lembra-152-anos-da-retomada\/","title":{"rendered":"Com sess\u00e3o solene, C\u00e2mara dos Deputados lembra 152 anos da Retomada"},"content":{"rendered":"<p dir=\"ltr\">Os 152 anos da Retomada de Corumb\u00e1 foram celebrados em sess\u00e3o solene da C\u00e2mara dos Deputados nesta quinta-feira, 13 de junho, em Bras\u00edlia. A sess\u00e3o foi iniciativa do deputado federal Doutor Luiz Ovando e da deputada federal Bia Cavassa. O prefeito Marcelo Iunes participou da homenagem realizada no plen\u00e1rio da C\u00e2mara Federal.<\/p>\n<p dir=\"ltr\">\n<p dir=\"ltr\">Tamb\u00e9m participaram da audi\u00eancia o deputado federal F\u00e1bio Trad, a deputada federal Rose Modesto, o ex-senador Pedro Chaves, que hoje ocupa em Bras\u00edlia cargo no governo de Reinaldo Azambuja e Paula Mour\u00e3o, mulher do vice-presidente da Rep\u00fablica Hamilton Mour\u00e3o.<\/p>\n<p dir=\"ltr\">\n<p dir=\"ltr\">Durante a sess\u00e3o foi exibido um v\u00eddeo com historiadores contando sobre a retomada da cidade ocorrida durante a guerra contra o Paraguai.<\/p>\n<p dir=\"ltr\">\n<p dir=\"ltr\">Num breve discurso, Marcelo Iunes agradeceu o destaque \u00e0 hist\u00f3ria corumbaense e convidou os parlamentares a visitarem o munic\u00edpio. \u201cFico muito feliz com essa homenagem, aqui em Bras\u00edlia, para uma data t\u00e3o importante para Corumb\u00e1 e sua popula\u00e7\u00e3o. Temos uma cidade em pleno desenvolvimento. Convido a visitarem e conhecerem nossa querida Corumb\u00e1. Somos uma cidade tur\u00edstica, temos uma pecu\u00e1ria forte e tamb\u00e9m precisamos de investimentos no meio ambiente, \u00a0cerca de 70% do Pantanal est\u00e3o em territ\u00f3rio corumbaense\u201d, declarou o prefeito.<\/p>\n<p dir=\"ltr\">\n<p dir=\"ltr\"><strong>A Retomada<\/strong><\/p>\n<p dir=\"ltr\">O dia 13 de junho marca a expuls\u00e3o das tropas paraguaias que ocupavam a regi\u00e3o de Corumb\u00e1, na ent\u00e3o prov\u00edncia de Mato Grosso, em fun\u00e7\u00e3o da Guerra contra o Paraguai. Em janeiro de 1865, Corumb\u00e1 e o Forte de Coimbra foram militarmente tomados por tropas paraguaias lideradas pelos coron\u00e9is Vicente Barrios e Izidoro Resquin. A miss\u00e3o deveria tomar o Forte de Coimbra, as Vilas de Albuquerque, e de Corumb\u00e1.<\/p>\n<p dir=\"ltr\">\n<p dir=\"ltr\">Em 1867, o presidente da prov\u00edncia de Mato Grosso, Couto Magalh\u00e3es, decidiu pela retomada do territ\u00f3rio para o Imp\u00e9rio Brasileiro e iniciou os preparativos militares elaborando a estrat\u00e9gia das opera\u00e7\u00f5es, que ficou sob o comando do ent\u00e3o tenente-coronel Ant\u00f4nio Maria Coelho. No dia 15 de maio de 1867 teve in\u00edcio a a\u00e7\u00e3o militar para a Retomada de Corumb\u00e1 com a partida das tropas do Porto de Cuiab\u00e1, acampando em nas proximidades de Corumb\u00e1 \u00e0s 18 horas do dia 12 de junho.<\/p>\n<p dir=\"ltr\">\n<p dir=\"ltr\">J\u00e1 na madrugada do dia 13, a tropa toma rumo norte caminhando pelas margens do rio Paraguai. Depois de 25 quil\u00f4metros de marcha, param os soldados j\u00e1 perto da vila de Corumb\u00e1, para observa\u00e7\u00e3o e plano t\u00e1tico de seus comandantes.<\/p>\n<p dir=\"ltr\">\n<p dir=\"ltr\">\u00c0s 14 horas come\u00e7am os ataques em pontos distintos, que duraram at\u00e9 \u00e0s 18 horas. As tropas brasileiras perderam ao todo nove homens, dentre os quais, o tenente Manoel de Pinho e o capit\u00e3o Cunha e Cruz. Outros 27 homens ficaram feridos. Foram aprisionados 27 paraguaios, do total de uma tropa de 200 homens, que havia se instalado Corumb\u00e1. Com informa\u00e7\u00f5es do site Portal Mato Grosso.<\/p>\n","protected":false},"excerpt":{"rendered":"<p>Os 152 anos da Retomada de Corumb\u00e1 foram celebrados em sess\u00e3o solene da C\u00e2mara dos&#8230;<\/p>\n","protected":false},"author":1,"featured_media":31962,"comment_status":"closed","ping_status":"closed","sticky":false,"template":"","format":"standard","meta":{"footnotes":""},"categories":[8,19],"tags":[],"class_list":["post-31961","post","type-post","status-publish","format-standard","has-post-thumbnail","hentry","category-destaque","category-politica"],"_links":{"self":[{"href":"https:\/\/www.corumbaonline.com.br\/news\/wp-json\/wp\/v2\/posts\/31961","targetHints":{"allow":["GET"]}}],"collection":[{"href":"https:\/\/www.corumbaonline.com.br\/news\/wp-json\/wp\/v2\/posts"}],"about":[{"href":"https:\/\/www.corumbaonline.com.br\/news\/wp-json\/wp\/v2\/types\/post"}],"author":[{"embeddable":true,"href":"https:\/\/www.corumbaonline.com.br\/news\/wp-json\/wp\/v2\/users\/1"}],"replies":[{"embeddable":true,"href":"https:\/\/www.corumbaonline.com.br\/news\/wp-json\/wp\/v2\/comments?post=31961"}],"version-history":[{"count":1,"href":"https:\/\/www.corumbaonline.com.br\/news\/wp-json\/wp\/v2\/posts\/31961\/revisions"}],"predecessor-version":[{"id":31963,"href":"https:\/\/www.corumbaonline.com.br\/news\/wp-json\/wp\/v2\/posts\/31961\/revisions\/31963"}],"wp:featuredmedia":[{"embeddable":true,"href":"https:\/\/www.corumbaonline.com.br\/news\/wp-json\/wp\/v2\/media\/31962"}],"wp:attachment":[{"href":"https:\/\/www.corumbaonline.com.br\/news\/wp-json\/wp\/v2\/media?parent=31961"}],"wp:term":[{"taxonomy":"category","embeddable":true,"href":"https:\/\/www.corumbaonline.com.br\/news\/wp-json\/wp\/v2\/categories?post=31961"},{"taxonomy":"post_tag","embeddable":true,"href":"https:\/\/www.corumbaonline.com.br\/news\/wp-json\/wp\/v2\/tags?post=31961"}],"curies":[{"name":"wp","href":"https:\/\/api.w.org\/{rel}","templated":true}]}}