{"id":31986,"date":"2019-06-15T14:00:09","date_gmt":"2019-06-15T18:00:09","guid":{"rendered":"http:\/\/www.corumbaonline.com.br\/news\/?p=31986"},"modified":"2019-06-16T11:18:53","modified_gmt":"2019-06-16T15:18:53","slug":"copa-america-com-tecnico-novo-e-time-forte-colombia-chega-com-esperanca-de-boa-campanha","status":"publish","type":"post","link":"https:\/\/www.corumbaonline.com.br\/news\/copa-america-com-tecnico-novo-e-time-forte-colombia-chega-com-esperanca-de-boa-campanha\/","title":{"rendered":"COPA AM\u00c9RICA: Com t\u00e9cnico novo e time forte, Col\u00f4mbia chega com esperan\u00e7a de boa campanha"},"content":{"rendered":"<p>N\u00e3o \u00e9 nenhum exagero colocar a Col\u00f4mbia entre os favoritos para a conquista da Copa Am\u00e9rica deste ano. Os colombianos chegam fortes para a competi\u00e7\u00e3o e contam com a fase n\u00e3o muito boa dos sempre favoritos ao t\u00edtulo Uruguai, Argentina e Brasil.<\/p>\n<p>Tradicional escola do futebol sul-americano, a Col\u00f4mbia quer voltar a levantar o trof\u00e9u da Copa Am\u00e9rica. A equipe foi campe\u00e3 do torneio uma \u00fanica vez, quando sediaram o evento em 2001. Na \u00e9poca, a sele\u00e7\u00e3o, liderada pelo atacante Aristiz\u00e1bal, velho conhecido das torcidas de Vit\u00f3ria e Cruzeiro, foi campe\u00e3 invicta, com seis vit\u00f3rias em seis jogos e n\u00e3o sofreu nenhum gol.<\/p>\n<p>Na competi\u00e7\u00e3o deste ano, os colombianos chegam sob o comando de um novo t\u00e9cnico. O portugu\u00eas Carlos Queiroz assumiu a equipe em fevereiro, substituindo o argentino Jos\u00e9 Pekerman, que deixou o cargo em setembro do ano passado, ap\u00f3s a Copa do Mundo.<\/p>\n<p>Carlos Queiroz dirigiu o Ir\u00e3 por quase oito anos e assumiu o comando da Col\u00f4mbia com o objetivo de classific\u00e1-la para a Copa do Catar, em 2022. A Copa Am\u00e9rica ser\u00e1 a primeira competi\u00e7\u00e3o da sele\u00e7\u00e3o vizinha sob o comando do portugu\u00eas. Imagina come\u00e7ar essa caminhada logo com um t\u00edtulo sul-americano? Este \u00e9 o objetivo.<\/p>\n<p>E a Col\u00f4mbia conta com algumas caras conhecidas que j\u00e1 atuaram ou ainda atuam no futebol brasileiro. Entre eles est\u00e3o: o zagueiro Yerry Mina, que fez sucesso pelo Palmeiras, quando foi campe\u00e3o brasileiro em 2016 e o volante Gustavo Cu\u00e9llar, no momento, um dos jogadores mais queridos da torcida do Flamengo. A equipe ainda conta com o talento de jogadores consagrados, como os atacantes Falcao Garc\u00eda, do M\u00f4naco (MN), e Cuadrado, da Juventus (ITA).<\/p>\n<p>Al\u00e9m do ataque poderoso, a Col\u00f4mbia aposta na organiza\u00e7\u00e3o de jogo promovida pelo meio-campista James Rodr\u00edguez. Com passagens por Real Madrid (ES) e Bayer de Munique (ALE), o jogador ser\u00e1 o maestro da equipe na Copa Am\u00e9rica.<\/p>\n<p><img decoding=\"async\" title=\"Foto: Sabrine Cruz - Ag\u00eancia do R\u00e1dio Mais\" src=\"https:\/\/s3-sa-east-1.amazonaws.com\/agencia-radio-arb\/510\/content_colombia_%281%29.jpg\" alt=\"Foto: Sabrine Cruz - Ag\u00eancia do R\u00e1dio Mais\" longdesc=\"foto: Sabrine Cruz - Ag%C3%AAncia do R%C3%A1dio Mais\" \/><\/p>\n<p>A Col\u00f4mbia disputou dois amistosos durante a prepara\u00e7\u00e3o para a Copa Am\u00e9rica e obteve 100% de aproveitamento, com duas vit\u00f3rias. No dia tr\u00eas de junho, os colombianos venceram o Panam\u00e1 por tr\u00eas a zero, em Bogot\u00e1. No \u00faltimo domingo (9), jogando no est\u00e1dio Monumental de Lima, a equipe repetiu o placar, derrotando o Peru por tr\u00eas tentos a zero. Essas boas atua\u00e7\u00f5es aumentaram ainda mais a expectativa para um bom desempenho na Copa Am\u00e9rica do Brasil.<\/p>\n<p>A Col\u00f4mbia est\u00e1 no grupo B da competi\u00e7\u00e3o, ao lado de Argentina, Paraguai e Catar. Os colombianos v\u00e3o estrear logo com a miss\u00e3o de parar Messi e o restante dos argentinos, em Salvador (BA), no dia 15. Quatro dias depois a Col\u00f4mbia enfrenta o Catar, no est\u00e1dio do Morumbi, em S\u00e3o Paulo (SP). A equipe volta para Salvador no dia 23, onde encerra sua participa\u00e7\u00e3o na fase de grupos diante do Paraguai.<\/p>\n","protected":false},"excerpt":{"rendered":"<p>N\u00e3o \u00e9 nenhum exagero colocar a Col\u00f4mbia entre os favoritos para a conquista da Copa&#8230;<\/p>\n","protected":false},"author":1,"featured_media":31987,"comment_status":"closed","ping_status":"closed","sticky":false,"template":"","format":"standard","meta":{"footnotes":""},"categories":[19],"tags":[],"class_list":["post-31986","post","type-post","status-publish","format-standard","has-post-thumbnail","hentry","category-politica"],"_links":{"self":[{"href":"https:\/\/www.corumbaonline.com.br\/news\/wp-json\/wp\/v2\/posts\/31986","targetHints":{"allow":["GET"]}}],"collection":[{"href":"https:\/\/www.corumbaonline.com.br\/news\/wp-json\/wp\/v2\/posts"}],"about":[{"href":"https:\/\/www.corumbaonline.com.br\/news\/wp-json\/wp\/v2\/types\/post"}],"author":[{"embeddable":true,"href":"https:\/\/www.corumbaonline.com.br\/news\/wp-json\/wp\/v2\/users\/1"}],"replies":[{"embeddable":true,"href":"https:\/\/www.corumbaonline.com.br\/news\/wp-json\/wp\/v2\/comments?post=31986"}],"version-history":[{"count":1,"href":"https:\/\/www.corumbaonline.com.br\/news\/wp-json\/wp\/v2\/posts\/31986\/revisions"}],"predecessor-version":[{"id":31988,"href":"https:\/\/www.corumbaonline.com.br\/news\/wp-json\/wp\/v2\/posts\/31986\/revisions\/31988"}],"wp:featuredmedia":[{"embeddable":true,"href":"https:\/\/www.corumbaonline.com.br\/news\/wp-json\/wp\/v2\/media\/31987"}],"wp:attachment":[{"href":"https:\/\/www.corumbaonline.com.br\/news\/wp-json\/wp\/v2\/media?parent=31986"}],"wp:term":[{"taxonomy":"category","embeddable":true,"href":"https:\/\/www.corumbaonline.com.br\/news\/wp-json\/wp\/v2\/categories?post=31986"},{"taxonomy":"post_tag","embeddable":true,"href":"https:\/\/www.corumbaonline.com.br\/news\/wp-json\/wp\/v2\/tags?post=31986"}],"curies":[{"name":"wp","href":"https:\/\/api.w.org\/{rel}","templated":true}]}}