{"id":3214,"date":"2017-04-17T16:50:10","date_gmt":"2017-04-17T20:50:10","guid":{"rendered":"http:\/\/www.corumbaonline.com.br\/news\/?p=3214"},"modified":"2017-04-17T17:11:15","modified_gmt":"2017-04-17T21:11:15","slug":"escola-do-sesi-de-corumba-promove-sarau-para-celebrar-final-de-projeto-paradidatico","status":"publish","type":"post","link":"https:\/\/www.corumbaonline.com.br\/news\/escola-do-sesi-de-corumba-promove-sarau-para-celebrar-final-de-projeto-paradidatico\/","title":{"rendered":"Escola do Sesi de Corumb\u00e1 promove sarau para celebrar final de projeto paradid\u00e1tico"},"content":{"rendered":"<p>Com apresenta\u00e7\u00e3o de m\u00fasicas, dan\u00e7as, teatro e poesias para toda a comunidade escolar, alunos da Escola do Sesi de Corumb\u00e1 promoveram um sarau cultural no dia 8 de mar\u00e7o. O evento marcou a conclus\u00e3o do projeto de livros paradid\u00e1ticos do 1\u00ba bimestre e, segundo a diretora Mirian Correa da Silva de Jesus, entrou para a hist\u00f3ria da Escola do Sesi de Corumb\u00e1.<\/p>\n<p>\u201cAlunos e professores puderam mostrar seus dotes art\u00edsticos cantando e tocando no palco. Entre as apresenta\u00e7\u00f5es, destaco a do livro \u201cDiversidade\u201d com a m\u00fasica \u201cNingu\u00e9m \u00e9 igual a ningu\u00e9m\u201d; a do livro \u201cA princesa n\u00e3o queria aprender a ler\u201d com a m\u00fasica \u201cLer para aprender\u201d e a dos livros \u201cO corti\u00e7o\u201d e \u201cDom Quixote\u201d pelos alunos do Ensino M\u00e9dio\u201d, detalhou Mirian.<\/p>\n<p>Os alunos elogiaram a iniciativa que valorizou o talento art\u00edstico individual. \u201cSentimos que aprimoramos nossa cultura e fomos incentivados a ler\u201d, declarou Keila Oliveira, da 1\u00aa s\u00e9rie do Ensino M\u00e9dio. J\u00e1 Alcione Maria dos Santos, m\u00e3e de aluno do 2\u00ba ano do Ensino Fundamental, elogiou a qualidade do repert\u00f3rio. \u201cA escola est\u00e1 de parab\u00e9ns pela escolha das m\u00fasicas, dos livros, dos lanches e por possibilitar a socializa\u00e7\u00e3o com as fam\u00edlias\u201d.<\/p>\n<p>&#8211; See more at: http:\/\/www.fiems.com.br\/noticias\/escola-do-sesi-de-corumba-promove-sarau-para-celebrar-final-de-projeto-paradidatico\/23380#sthash.1k9FOFDf.dpuf<\/p>\n","protected":false},"excerpt":{"rendered":"<p>Com apresenta\u00e7\u00e3o de m\u00fasicas, dan\u00e7as, teatro e poesias para toda a comunidade escolar, alunos da&#8230;<\/p>\n","protected":false},"author":1,"featured_media":3215,"comment_status":"closed","ping_status":"closed","sticky":false,"template":"","format":"standard","meta":{"footnotes":""},"categories":[8,10],"tags":[],"class_list":["post-3214","post","type-post","status-publish","format-standard","has-post-thumbnail","hentry","category-destaque","category-educacao"],"_links":{"self":[{"href":"https:\/\/www.corumbaonline.com.br\/news\/wp-json\/wp\/v2\/posts\/3214","targetHints":{"allow":["GET"]}}],"collection":[{"href":"https:\/\/www.corumbaonline.com.br\/news\/wp-json\/wp\/v2\/posts"}],"about":[{"href":"https:\/\/www.corumbaonline.com.br\/news\/wp-json\/wp\/v2\/types\/post"}],"author":[{"embeddable":true,"href":"https:\/\/www.corumbaonline.com.br\/news\/wp-json\/wp\/v2\/users\/1"}],"replies":[{"embeddable":true,"href":"https:\/\/www.corumbaonline.com.br\/news\/wp-json\/wp\/v2\/comments?post=3214"}],"version-history":[{"count":1,"href":"https:\/\/www.corumbaonline.com.br\/news\/wp-json\/wp\/v2\/posts\/3214\/revisions"}],"predecessor-version":[{"id":3216,"href":"https:\/\/www.corumbaonline.com.br\/news\/wp-json\/wp\/v2\/posts\/3214\/revisions\/3216"}],"wp:featuredmedia":[{"embeddable":true,"href":"https:\/\/www.corumbaonline.com.br\/news\/wp-json\/wp\/v2\/media\/3215"}],"wp:attachment":[{"href":"https:\/\/www.corumbaonline.com.br\/news\/wp-json\/wp\/v2\/media?parent=3214"}],"wp:term":[{"taxonomy":"category","embeddable":true,"href":"https:\/\/www.corumbaonline.com.br\/news\/wp-json\/wp\/v2\/categories?post=3214"},{"taxonomy":"post_tag","embeddable":true,"href":"https:\/\/www.corumbaonline.com.br\/news\/wp-json\/wp\/v2\/tags?post=3214"}],"curies":[{"name":"wp","href":"https:\/\/api.w.org\/{rel}","templated":true}]}}