{"id":32633,"date":"2019-07-03T15:40:12","date_gmt":"2019-07-03T19:40:12","guid":{"rendered":"http:\/\/www.corumbaonline.com.br\/news\/?p=32633"},"modified":"2019-07-03T16:03:23","modified_gmt":"2019-07-03T20:03:23","slug":"o-socialista-italiano-david-sassoli-presidira-a-parlamento-europeu","status":"publish","type":"post","link":"https:\/\/www.corumbaonline.com.br\/news\/o-socialista-italiano-david-sassoli-presidira-a-parlamento-europeu\/","title":{"rendered":"O socialista italiano David Sassoli presidir\u00e1 a Parlamento Europeu"},"content":{"rendered":"<p>Um jornalista italiano para substituir outro jornalista italiano. O social-democrata David Maria Sassoli (Floren\u00e7a, 63 anos) foi eleito nesta quarta-feira para presidir o Parlamento Europeu em substitui\u00e7\u00e3o a Antonio Tajani, do Partido Popular Europeu. A elei\u00e7\u00e3o, por maioria absoluta, esteve livre de intrigas. Sassoli venceu na segunda vota\u00e7\u00e3o com 345 votos, 185 de diferen\u00e7a em rela\u00e7\u00e3o ao segundo. A vit\u00f3ria se sustentou nos sufr\u00e1gios favor\u00e1veis de seu grupo, mas tamb\u00e9m dos liberais e populares, que se recusaram a apresentar candidatos pr\u00f3prios em troca de obter outros cargos na partilha do poder europeu.<\/p>\n<p>Sassoli, o segundo presidente italiano do Parlamento Europeu, era um dos 14 vice-presidentes da \u00faltima legislatura e ocupar\u00e1 o cargo por dois anos e meio, renov\u00e1veis por um per\u00edodo equivalente. H\u00e1 muita chance de que na segunda metade passe o bast\u00e3o ao Partido Popular Europeu, com o alem\u00e3o Manfred Weber como candidato previs\u00edvel. Os rivais de Sassoli eram o tcheco Jan Zahradil (160 votos), do grupo dos Conservadores e Reformistas, a alem\u00e3 Ska Keller (119), dos Verdes, e a espanhola Sira Rego (43), da Esquerda Unida.<\/p>\n<p>&#8220;A Uni\u00e3o Europeia n\u00e3o \u00e9 um acidente da hist\u00f3ria, n\u00f3s somos os filhos e netos dos que encontraram o ant\u00eddoto contra a degenera\u00e7\u00e3o nacionalista que envenenou nossa hist\u00f3ria&#8221;, disse Sassoli depois de eleito. O novo presidente comemorou o aumento da presen\u00e7a de mulheres no Parlamento Europeu \u201340% dos 751 europarlamentares\u2013 e citou entre suas prioridades a revolu\u00e7\u00e3o digital e a luta contra as mudan\u00e7as clim\u00e1ticas e o desemprego entre os jovens.<\/p>\n<p>Sua elei\u00e7\u00e3o devolve a presid\u00eancia da C\u00e2mara aos socialistas dois anos e meio ap\u00f3s a partida do alem\u00e3o Martin Schulz, e implica que a It\u00e1lia n\u00e3o permanecer\u00e1 de m\u00e3os vazias, embora depois de perder a presid\u00eancia do Banco Central Europeu e a chefia da diplomacia europeia isso n\u00e3o represente um consolo para o Executivo nacional populista da Liga e do Movimento 5 Estrelas. A presid\u00eancia do Parlamento Europeu tem um peso menor do que os outros cargos em jogo e, embora italiano, seu perfil ideol\u00f3gico est\u00e1 muito longe do das for\u00e7as euroc\u00e9ticas que lideram a It\u00e1lia. Sassoli \u00e9 muito cr\u00edtico da restritiva pol\u00edtica de imigra\u00e7\u00e3o promovida por Matteo Salvini.<\/p>\n<p>Membro do Partido Democr\u00e1tico de Matteo Renzi, sua nomea\u00e7\u00e3o reflete o novo equil\u00edbrio de poder no campo socialista, onde a delega\u00e7\u00e3o italiana se tornou a segunda mais poderosa, atr\u00e1s da espanhola, depois do naufr\u00e1gio da social-democracia na Alemanha. Os Estados-Membros preferiam para o cargo o b\u00falgaro Sergey Stanishev, mas a l\u00edder dos socialistas europeus, a espanhola Iratxe Garc\u00eda, promoveu a candidatura de Sassoli, e obteve uma maioria confort\u00e1vel. &#8220;Ele \u00e9 um homem \u00e1gil e inteligente, com orat\u00f3ria e muito trabalhador&#8221;, elogia Garc\u00eda. &#8220;O Partido Democr\u00e1tico \u00e9 um partido peculiar na fam\u00edlia social-democrata. E Sassoli \u00e9 um produto dessa identidade ideol\u00f3gica h\u00edbrida. Firmemente pr\u00f3-europeu num pa\u00eds onde o euroceticismo est\u00e1 em ascens\u00e3o, h\u00edbrido no campo ideol\u00f3gico e marcadamente progressista&#8221;, diz um eurodeputado socialista.<\/p>\n<p>Jornalista veterano moldado no contato com a rua, iniciou sua carreira muito jovem, nas reda\u00e7\u00f5es de pequenos jornais e ag\u00eancias de not\u00edcias. Passou para a televis\u00e3o em 1992, onde chegou a apresentar os notici\u00e1rios da rede p\u00fablica RAI. Muito ligado na juventude ao movimento associativo, especificamente em organiza\u00e7\u00f5es cat\u00f3licas e de escoteiros, desembarcou no Parlamento Europeu como deputado em 2009.<\/p>\n<p>Embora compartilhe nacionalidade e profiss\u00e3o com seu antecessor, Antonio Tajani, quem o conhece confirma suas diferen\u00e7as. Enquanto Tajani aterrissou no Parlamento com o estigma de ser um homem pr\u00f3ximo de Silvio Berlusconi, com quem compartilha partido e afinidade na For\u00e7a Italia, Sassoli chega com a marca de progressista respeitado por seus rivais. \u201cFoi um bom vice-presidente, calmo e firme, com um esp\u00edrito jornal\u00edstico apreci\u00e1vel&#8221;, descreve a liberal Beatriz Becerra, que esteve na legislatura passada com ele.<\/p>\n<p>Onde Tajani e Sassoli n\u00e3o se diferenciam \u00e9 na posi\u00e7\u00e3o sobre a crise catal\u00e3. Uma de suas rivais na corrida para a presid\u00eancia do Parlamento, a ecologista Ska Keller, criticou em v\u00e1rias ocasi\u00f5es a exclus\u00e3o do Parlamento dos tr\u00eas deputados independentistas, a \u00faltima na sess\u00e3o desta quarta-feira. Segundo a chefa dos Socialistas Europeus, Iratxe Garc\u00eda, Sassoli compartilha &#8220;totalmente&#8221; a posi\u00e7\u00e3o do Governo espanhol no confronto com o movimento de independ\u00eancia, uma quest\u00e3o sens\u00edvel para o Executivo de Pedro S\u00e1nchez.<\/p>\n<p>Sassoli foi o centro de alguns dos maiores aplausos na legislatura passada. Em meio aos hor\u00e1rios apertados dos deputados, ele n\u00e3o hesitou em acelerar as vota\u00e7\u00f5es nos \u00faltimos dias de sess\u00e3o para evitar que seus colegas perdessem os avi\u00f5es que todo fim de semana os levam de volta a seus pa\u00edses.<\/p>\n<p>A elei\u00e7\u00e3o consolida a irrelev\u00e2ncia institucional do Leste na estrutura da comunidade. Embora a paridade de g\u00eanero tenha sido respeitada, o equil\u00edbrio geogr\u00e1fico foi relegado. A presidente da Comiss\u00e3o Europeia, Ursula Von der Leyen, \u00e9 alem\u00e3; o do Conselho Europeu, Charles Michel, belga; a do Banco Central Europeu, Christine Lagarde, francesa; e o alto representante da Pol\u00edtica Externa \u00e9 o espanhol Josep Borrell. Com a incorpora\u00e7\u00e3o de Sassoli a este organograma, os quatro maiores pa\u00edses da UE \u2013sem contar o Reino Unido, de sa\u00edda\u2013 t\u00eam um representante em cargos de comando.<\/p>\n<p>Na batalha entre fam\u00edlias pol\u00edticas, os social-democratas alcan\u00e7am duas dessas posi\u00e7\u00f5es (Alto Representante e Parlamento), mas o saldo qualitativo lhes d\u00e1 muito menos influ\u00eancia do que esperavam alcan\u00e7ar.<\/p>\n<p>Com a derrota do Ska Keller, a candidato dos Verdes para presidir o Parlamento, os ecologistas ficam afastados das esferas de poder europeu, apesar de que em 26 de maio obtiveram o melhor resultado de sua hist\u00f3ria e foram a quinta for\u00e7a.<\/p>\n","protected":false},"excerpt":{"rendered":"<p>Um jornalista italiano para substituir outro jornalista italiano. O social-democrata David Maria Sassoli (Floren\u00e7a, 63&#8230;<\/p>\n","protected":false},"author":1,"featured_media":0,"comment_status":"closed","ping_status":"closed","sticky":false,"template":"","format":"standard","meta":{"footnotes":""},"categories":[15],"tags":[],"class_list":["post-32633","post","type-post","status-publish","format-standard","hentry","category-internacional"],"_links":{"self":[{"href":"https:\/\/www.corumbaonline.com.br\/news\/wp-json\/wp\/v2\/posts\/32633","targetHints":{"allow":["GET"]}}],"collection":[{"href":"https:\/\/www.corumbaonline.com.br\/news\/wp-json\/wp\/v2\/posts"}],"about":[{"href":"https:\/\/www.corumbaonline.com.br\/news\/wp-json\/wp\/v2\/types\/post"}],"author":[{"embeddable":true,"href":"https:\/\/www.corumbaonline.com.br\/news\/wp-json\/wp\/v2\/users\/1"}],"replies":[{"embeddable":true,"href":"https:\/\/www.corumbaonline.com.br\/news\/wp-json\/wp\/v2\/comments?post=32633"}],"version-history":[{"count":1,"href":"https:\/\/www.corumbaonline.com.br\/news\/wp-json\/wp\/v2\/posts\/32633\/revisions"}],"predecessor-version":[{"id":32634,"href":"https:\/\/www.corumbaonline.com.br\/news\/wp-json\/wp\/v2\/posts\/32633\/revisions\/32634"}],"wp:attachment":[{"href":"https:\/\/www.corumbaonline.com.br\/news\/wp-json\/wp\/v2\/media?parent=32633"}],"wp:term":[{"taxonomy":"category","embeddable":true,"href":"https:\/\/www.corumbaonline.com.br\/news\/wp-json\/wp\/v2\/categories?post=32633"},{"taxonomy":"post_tag","embeddable":true,"href":"https:\/\/www.corumbaonline.com.br\/news\/wp-json\/wp\/v2\/tags?post=32633"}],"curies":[{"name":"wp","href":"https:\/\/api.w.org\/{rel}","templated":true}]}}